{"id":2096,"date":"2024-02-21T09:04:00","date_gmt":"2024-02-21T12:04:00","guid":{"rendered":"https:\/\/noticiasregionais.com.br\/?p=2096"},"modified":"2024-02-20T09:31:46","modified_gmt":"2024-02-20T12:31:46","slug":"cenario-ourinhense-tem-clima-de-campanha-e-esforco-da-base-para-emplacar-narrativas-favoraveis","status":"publish","type":"post","link":"https:\/\/noticiasregionais.com.br\/?p=2096","title":{"rendered":"Cen\u00e1rio ourinhense tem clima de campanha e esfor\u00e7o da base para emplacar narrativas favor\u00e1veis"},"content":{"rendered":"\n<p class=\"has-text-align-center\"><strong>Conv\u00eanios federais, emendas legislativas  e cr\u00e9ditos, autorizados pela c\u00e2mara, s\u00e3o o motor das realiza\u00e7\u00f5es de Pocay, enquanto o or\u00e7amento segue sufocado com indica\u00e7\u00f5es pol\u00edticas<\/strong>.<\/p>\n\n\n\n<p><br>Nesta semana, observou-se uma controv\u00e9rsia ideol\u00f3gica entre vereadores aliados do prefeito sobre a situa\u00e7\u00e3o da Rodovi\u00e1ria de Ourinhos, onde foram feitas defesas question\u00e1veis de a\u00e7\u00f5es governamentais. Cr\u00edticas foram levantadas sobre o estado de abandono da rodovi\u00e1ria, a manuten\u00e7\u00e3o de estradas e a qualidade do asfalto em \u00e1reas n\u00e3o estrat\u00e9gicas da cidade, al\u00e9m de problemas com fios expostos e condi\u00e7\u00f5es de pra\u00e7as e quadras.<\/p>\n\n\n\n<p>O debate se estendeu para a funcionalidade do Restaurante Popular, questionando-se a efic\u00e1cia das pol\u00edticas p\u00fablicas municipais. Tamb\u00e9m foi mencionado o question\u00e1vel investimento de 23 milh\u00f5es de Reais na amplia\u00e7\u00e3o do lago do Royal Park, em detrimento de outras prioridades. A gest\u00e3o atual foi criticada por terceirizar servi\u00e7os e priorizar a imagem do prefeito e vereadores aliados, enquanto ignora um pedido do Minist\u00e9rio P\u00fablico para suspender o aumento de sal\u00e1rios dos vereadores em 2022 e 2023. <\/p>\n\n\n\n<p>Em acalorados discursos nas redes sociais, foi discutido o cen\u00e1rio pol\u00edtico de Ourinhos, com preocupa\u00e7\u00f5es sobre a continuidade da gest\u00e3o atual e o desafio para futuros governantes. Tamb\u00e9m n\u00e3o faltaram cr\u00edticas uniformes, quase padronizadas, feitas por uma parte da imprensa ao vereador que, supostamente pode vir a concorrer contra o candidato do atual prefeito.<\/p>\n<input type=\"hidden\" id=\"baseurl\" value=\"https:\/\/noticiasregionais.com.br\"><input type=\"hidden\" id=\"audio_nonce\" value=\"3cdc555a10\">","protected":false},"excerpt":{"rendered":"<p>Conv\u00eanios federais, emendas legislativas e cr\u00e9ditos, autorizados pela c\u00e2mara, s\u00e3o o motor das realiza\u00e7\u00f5es de Pocay, enquanto o or\u00e7amento segue&hellip;<\/p>\n","protected":false},"author":1,"featured_media":1514,"comment_status":"closed","ping_status":"open","sticky":false,"template":"","format":"standard","meta":{"sfsi_plus_gutenberg_text_before_share":"","sfsi_plus_gutenberg_show_text_before_share":"","sfsi_plus_gutenberg_icon_type":"","sfsi_plus_gutenberg_icon_alignemt":"","sfsi_plus_gutenburg_max_per_row":"","footnotes":""},"categories":[5,12,1],"tags":[],"class_list":["post-2096","post","type-post","status-publish","format-standard","has-post-thumbnail","hentry","category-ourinhos","category-capa","category-noticias"],"_links":{"self":[{"href":"https:\/\/noticiasregionais.com.br\/index.php?rest_route=\/wp\/v2\/posts\/2096","targetHints":{"allow":["GET"]}}],"collection":[{"href":"https:\/\/noticiasregionais.com.br\/index.php?rest_route=\/wp\/v2\/posts"}],"about":[{"href":"https:\/\/noticiasregionais.com.br\/index.php?rest_route=\/wp\/v2\/types\/post"}],"author":[{"embeddable":true,"href":"https:\/\/noticiasregionais.com.br\/index.php?rest_route=\/wp\/v2\/users\/1"}],"replies":[{"embeddable":true,"href":"https:\/\/noticiasregionais.com.br\/index.php?rest_route=%2Fwp%2Fv2%2Fcomments&post=2096"}],"version-history":[{"count":1,"href":"https:\/\/noticiasregionais.com.br\/index.php?rest_route=\/wp\/v2\/posts\/2096\/revisions"}],"predecessor-version":[{"id":2097,"href":"https:\/\/noticiasregionais.com.br\/index.php?rest_route=\/wp\/v2\/posts\/2096\/revisions\/2097"}],"wp:featuredmedia":[{"embeddable":true,"href":"https:\/\/noticiasregionais.com.br\/index.php?rest_route=\/wp\/v2\/media\/1514"}],"wp:attachment":[{"href":"https:\/\/noticiasregionais.com.br\/index.php?rest_route=%2Fwp%2Fv2%2Fmedia&parent=2096"}],"wp:term":[{"taxonomy":"category","embeddable":true,"href":"https:\/\/noticiasregionais.com.br\/index.php?rest_route=%2Fwp%2Fv2%2Fcategories&post=2096"},{"taxonomy":"post_tag","embeddable":true,"href":"https:\/\/noticiasregionais.com.br\/index.php?rest_route=%2Fwp%2Fv2%2Ftags&post=2096"}],"curies":[{"name":"wp","href":"https:\/\/api.w.org\/{rel}","templated":true}]}}