{"id":2098,"date":"2024-02-21T07:18:16","date_gmt":"2024-02-21T10:18:16","guid":{"rendered":"https:\/\/noticiasregionais.com.br\/?p=2098"},"modified":"2024-02-21T07:18:19","modified_gmt":"2024-02-21T10:18:19","slug":"governo-de-sp-lanca-parceria-com-municipios-para-alfabetizar-criancas-de-ate-7-anos","status":"publish","type":"post","link":"https:\/\/noticiasregionais.com.br\/?p=2098","title":{"rendered":"Governo de SP lan\u00e7a parceria com munic\u00edpios para alfabetizar crian\u00e7as de at\u00e9 7 anos"},"content":{"rendered":"\n<p class=\"has-text-align-center\"><strong>Meta do programa Alfabetiza Juntos SP \u00e9 ter 90% de alunos leitores at\u00e9 2026<\/strong><\/p>\n\n\n\n<p>O Governo do Estado lan\u00e7ou nesta ter\u00e7a-feira (20) o programa Alfabetiza Juntos SP, iniciativa que pretende unir os 645 munic\u00edpios e as 91 diretorias de ensino da rede estadual com o objetivo de atingir a alfabetiza\u00e7\u00e3o de crian\u00e7as at\u00e9 os sete anos de idade. O an\u00fancio foi feito pelo governador Tarc\u00edsio de Freitas em solenidade na Sala S\u00e3o Paulo, na capital.<\/p>\n\n\n\n<p>\u201cQuem se alfabetiza melhor \u00e9 quem vai melhor l\u00e1 na frente, \u00e9 quem vai ter o melhor resultado na Prova Paulista, no Prov\u00e3o Paulista e no vestibular. E a\u00ed, de fato, n\u00f3s precisamos cuidar da base e alfabetizar na idade certa\u201d, afirmou o governador.<\/p>\n\n\n\n<p>\u201cTemos que trabalhar a base, e o Estado tem uma responsabilidade importante. N\u00f3s vamos trabalhar juntos com os munic\u00edpios, a responsabilidade \u00e9 nossa tamb\u00e9m. Precisamos estimular e incentivar, e o programa Alfabetiza Juntos SP est\u00e1 calcado nisso\u201d, completou Tarc\u00edsio.<\/p>\n\n\n\n<p>A cerim\u00f4nia tamb\u00e9m reuniu a primeira-dama do Estado e presidente do Fundo Social de S\u00e3o Paulo, Cristiane Freitas, o secret\u00e1rio estadual da Educa\u00e7\u00e3o, Renato Feder, o presidente da Assembleia Legislativa do Estado de S\u00e3o Paulo (Alesp), Andr\u00e9 do Prado, deputados, prefeitos, vereadores, dirigentes federais, estaduais e municipais de ensino e representantes da comunidade escolar.<\/p>\n\n\n\n<p>A meta do Alfabetiza Juntos SP \u00e9 ter 90% de crian\u00e7as leitoras at\u00e9 2026. O Governo do Estado vai enviar material did\u00e1tico aos munic\u00edpios, formar professores e ampliar a aplica\u00e7\u00e3o da Avalia\u00e7\u00e3o da Flu\u00eancia Leitura pela Secretaria da Educa\u00e7\u00e3o. Em dezembro de 2023, 64% das crian\u00e7as matriculadas na rede estadual e em 600 munic\u00edpios participantes eram considerados leitores iniciantes ou fluentes.<\/p>\n\n\n\n<p>Para que o Alfabetiza Juntos SP se transforme em uma pol\u00edtica p\u00fablica de Estado, o governador assinou um decreto de cria\u00e7\u00e3o do programa. Atualmente, 1,4 mil escolas estaduais oferecem os anos iniciais do ensino fundamental e tamb\u00e9m v\u00e3o integrar o programa com vistas \u00e0 alfabetiza\u00e7\u00e3o plena.<\/p>\n\n\n\n<p>\u201cO Alfabetiza Juntos SP \u00e9 um acontecimento que precisa da uni\u00e3o de todos os 645 munic\u00edpios para que, assim, possamos construir um estado com crian\u00e7as fluentes na leitura. Mais do que uma a\u00e7\u00e3o deste governo, o programa \u00e9 uma pol\u00edtica p\u00fablica de estado, que deve ultrapassar os anos, e envolver as comunidades escolares, sempre com foco no aluno\u201d, disse o secret\u00e1rio Renato Feder.<\/p>\n\n\n\n<p>O Alfabetiza Juntos SP \u00e9 uma iniciativa da Secretaria da Educa\u00e7\u00e3o do Governo de S\u00e3o Paulo, com apoio t\u00e9cnico da Uni\u00e3o dos Dirigentes Municipais de Educa\u00e7\u00e3o do Estado de S\u00e3o Paulo (Undime-SP) e em parceria com a Alian\u00e7a, coaliz\u00e3o formada por Funda\u00e7\u00e3o Lemann, Instituto Natura e Associa\u00e7\u00e3o Bem Comum. N\u00e3o h\u00e1 qualquer contrapartida financeira do Governo do Estado.<\/p>\n\n\n\n<p><strong>Flu\u00eancia leitora<\/strong><\/p>\n\n\n\n<p>Em 2023, a Secretaria da Educa\u00e7\u00e3o implantou a Avalia\u00e7\u00e3o de Flu\u00eancia Leitora em duas etapas e obteve resultados fundamentais para balizar as a\u00e7\u00f5es do Alfabetiza Juntos SP.<\/p>\n\n\n\n<p>Na primeira edi\u00e7\u00e3o, 328,9 mil alunos da rede p\u00fablica de 606 cidades participaram das provas de leitura. Os resultados davam conta que 56% dos alunos do 2\u00ba ano do ensino fundamental eram leitores fluentes ou leitores iniciantes, e 44% eram pr\u00e9-leitores no in\u00edcio do segundo semestre.<\/p>\n\n\n\n<p>No final de 2023, a avalia\u00e7\u00e3o reuniu 343,8 mil estudantes do 2\u00ba ano do ensino fundamental de 600 cidades, e o salto foi de 9% no \u00edndice de alunos leitores iniciantes e leitores fluentes.<\/p>\n\n\n\n<p>S\u00e3o consideradas leitoras fluentes as crian\u00e7as que conseguem ler entre 45 e 60 palavras corretamente no decorrer de um minuto, entre 28 e 40 pseudopalavras \u2013 palavras inventadas ou sem significado \u2013 e atingem 97% de precis\u00e3o na leitura de palavras existentes em um texto.<\/p>\n\n\n\n<p>O conhecimento dos estudantes \u00e9 medido por meio do aplicativo exclusivo do CAEd (Centro de Pol\u00edticas P\u00fablicas e Avalia\u00e7\u00e3o da Educa\u00e7\u00e3o), utilizado para a grava\u00e7\u00e3o e valida\u00e7\u00e3o da leitura das crian\u00e7as. Para este ano, com a expectativa de que o Alfabetiza Juntos SP seja implantado em todos os munic\u00edpios, a previs\u00e3o \u00e9 que a avalia\u00e7\u00e3o seja feita ao t\u00e9rmino de cada semestre.<\/p>\n\n\n\n<p><strong>Como vai funcionar<\/strong><\/p>\n\n\n\n<p>A ades\u00e3o dos munic\u00edpios ao Alfabetiza Juntos SP deve ser feita por meio de cadastro no Plano de A\u00e7\u00f5es Integradas do Estado de S\u00e3o Paulo (Painsp). No regime de colabora\u00e7\u00e3o entre Estado e prefeituras, a Secretaria da Educa\u00e7\u00e3o ficar\u00e1 respons\u00e1vel por:<\/p>\n\n\n\n<p>\u2013 Forma\u00e7\u00e3o continuada para professores alfabetizadores, gestores escolares e equipes regionais, concomitante ao in\u00edcio das parcerias firmadas nesta ter\u00e7a. A capacita\u00e7\u00e3o ser\u00e1 feita em encontros online e presenciais, com forma\u00e7\u00e3o desenvolvida pela Escola de Forma\u00e7\u00e3o e Aperfei\u00e7oamento dos Profissionais da Educa\u00e7\u00e3o do Estado de S\u00e3o Paulo (Efape);<\/p>\n\n\n\n<p>\u2013 Avalia\u00e7\u00e3o e monitoramento dos n\u00edveis de profici\u00eancia em leitura e das estrat\u00e9gias definidas pelos munic\u00edpios, incluindo participa\u00e7\u00e3o na pr\u00f3xima edi\u00e7\u00e3o da Avalia\u00e7\u00e3o de Flu\u00eancia Leitora<\/p>\n\n\n\n<p>\u2013 Material did\u00e1tico impresso e complementos em vers\u00e3o digital para todos os alunos e professores dos 1\u00ba e 2\u00ba anos<\/p>\n\n\n\n<p>\u2013 Disponibiliza\u00e7\u00e3o da plataforma de leitura Elefante Letrado para as escolas<\/p>\n\n\n\n<p>\u2013 Cria\u00e7\u00e3o de incentivos financeiros para escolas com os melhores resultados de alfabetiza\u00e7\u00e3o, monitoradas por meio do Sistema de Avalia\u00e7\u00e3o do Rendimento Escolar do Estado de S\u00e3o Paulo (Saresp) para 2\u00ba e 5\u00ba anos do ensino fundamental. A expectativa do Estado \u00e9 investir R$ 200 milh\u00f5es nesta a\u00e7\u00e3o.<\/p>\n<input type=\"hidden\" id=\"baseurl\" value=\"https:\/\/noticiasregionais.com.br\"><input type=\"hidden\" id=\"audio_nonce\" value=\"533fbb67b1\">","protected":false},"excerpt":{"rendered":"<p>Meta do programa Alfabetiza Juntos SP \u00e9 ter 90% de alunos leitores at\u00e9 2026 O Governo do Estado lan\u00e7ou nesta&hellip;<\/p>\n","protected":false},"author":1,"featured_media":2099,"comment_status":"closed","ping_status":"open","sticky":false,"template":"","format":"standard","meta":{"sfsi_plus_gutenberg_text_before_share":"","sfsi_plus_gutenberg_show_text_before_share":"","sfsi_plus_gutenberg_icon_type":"","sfsi_plus_gutenberg_icon_alignemt":"","sfsi_plus_gutenburg_max_per_row":"","footnotes":""},"categories":[6,10,1],"tags":[],"class_list":["post-2098","post","type-post","status-publish","format-standard","has-post-thumbnail","hentry","category-sao_paulo","category-destaques","category-noticias"],"_links":{"self":[{"href":"https:\/\/noticiasregionais.com.br\/index.php?rest_route=\/wp\/v2\/posts\/2098","targetHints":{"allow":["GET"]}}],"collection":[{"href":"https:\/\/noticiasregionais.com.br\/index.php?rest_route=\/wp\/v2\/posts"}],"about":[{"href":"https:\/\/noticiasregionais.com.br\/index.php?rest_route=\/wp\/v2\/types\/post"}],"author":[{"embeddable":true,"href":"https:\/\/noticiasregionais.com.br\/index.php?rest_route=\/wp\/v2\/users\/1"}],"replies":[{"embeddable":true,"href":"https:\/\/noticiasregionais.com.br\/index.php?rest_route=%2Fwp%2Fv2%2Fcomments&post=2098"}],"version-history":[{"count":1,"href":"https:\/\/noticiasregionais.com.br\/index.php?rest_route=\/wp\/v2\/posts\/2098\/revisions"}],"predecessor-version":[{"id":2100,"href":"https:\/\/noticiasregionais.com.br\/index.php?rest_route=\/wp\/v2\/posts\/2098\/revisions\/2100"}],"wp:featuredmedia":[{"embeddable":true,"href":"https:\/\/noticiasregionais.com.br\/index.php?rest_route=\/wp\/v2\/media\/2099"}],"wp:attachment":[{"href":"https:\/\/noticiasregionais.com.br\/index.php?rest_route=%2Fwp%2Fv2%2Fmedia&parent=2098"}],"wp:term":[{"taxonomy":"category","embeddable":true,"href":"https:\/\/noticiasregionais.com.br\/index.php?rest_route=%2Fwp%2Fv2%2Fcategories&post=2098"},{"taxonomy":"post_tag","embeddable":true,"href":"https:\/\/noticiasregionais.com.br\/index.php?rest_route=%2Fwp%2Fv2%2Ftags&post=2098"}],"curies":[{"name":"wp","href":"https:\/\/api.w.org\/{rel}","templated":true}]}}