{"id":2101,"date":"2024-02-21T07:24:06","date_gmt":"2024-02-21T10:24:06","guid":{"rendered":"https:\/\/noticiasregionais.com.br\/?p=2101"},"modified":"2024-02-21T07:24:18","modified_gmt":"2024-02-21T10:24:18","slug":"mega-sena-2690-acumula-e-premiacao-vai-a-r-97-milhoes-na-quinta-feira-22","status":"publish","type":"post","link":"https:\/\/noticiasregionais.com.br\/?p=2101","title":{"rendered":"Mega-Sena 2690 acumula e premia\u00e7\u00e3o vai a R$ 97 milh\u00f5es na quinta-feira (22)"},"content":{"rendered":"\n<p class=\"has-text-align-center\"><strong>Os n\u00fameros sorteados no Espa\u00e7o da Sorte, em S\u00e3o Paulo, foram: 09 &#8211; 28 &#8211; 33 &#8211; 43 &#8211; 45 &#8211; 55.<\/strong><\/p>\n\n\n\n<p>A Caixa Econ\u00f4mica Federal sorteou na noite desta ter\u00e7a-feira (20) o concurso 2690 da Mega-Sena e n\u00e3o houve ganhadores. Assim, o valor de R$ 86.710.173,89 acumulou e na pr\u00f3xima quinta-feira (22) o pr\u00eamio principal deve pagar R$ 97 milh\u00f5es.<\/p>\n\n\n\n<p><strong><sub>fonte: Sampi \/ Folhapress<\/sub><\/strong><\/p>\n<input type=\"hidden\" id=\"baseurl\" value=\"https:\/\/noticiasregionais.com.br\"><input type=\"hidden\" id=\"audio_nonce\" value=\"533fbb67b1\">","protected":false},"excerpt":{"rendered":"<p>Os n\u00fameros sorteados no Espa\u00e7o da Sorte, em S\u00e3o Paulo, foram: 09 &#8211; 28 &#8211; 33 &#8211; 43 &#8211; 45&hellip;<\/p>\n","protected":false},"author":1,"featured_media":2102,"comment_status":"closed","ping_status":"open","sticky":false,"template":"","format":"standard","meta":{"sfsi_plus_gutenberg_text_before_share":"","sfsi_plus_gutenberg_show_text_before_share":"","sfsi_plus_gutenberg_icon_type":"","sfsi_plus_gutenberg_icon_alignemt":"","sfsi_plus_gutenburg_max_per_row":"","footnotes":""},"categories":[8,10,1],"tags":[],"class_list":["post-2101","post","type-post","status-publish","format-standard","has-post-thumbnail","hentry","category-brasil","category-destaques","category-noticias"],"_links":{"self":[{"href":"https:\/\/noticiasregionais.com.br\/index.php?rest_route=\/wp\/v2\/posts\/2101","targetHints":{"allow":["GET"]}}],"collection":[{"href":"https:\/\/noticiasregionais.com.br\/index.php?rest_route=\/wp\/v2\/posts"}],"about":[{"href":"https:\/\/noticiasregionais.com.br\/index.php?rest_route=\/wp\/v2\/types\/post"}],"author":[{"embeddable":true,"href":"https:\/\/noticiasregionais.com.br\/index.php?rest_route=\/wp\/v2\/users\/1"}],"replies":[{"embeddable":true,"href":"https:\/\/noticiasregionais.com.br\/index.php?rest_route=%2Fwp%2Fv2%2Fcomments&post=2101"}],"version-history":[{"count":1,"href":"https:\/\/noticiasregionais.com.br\/index.php?rest_route=\/wp\/v2\/posts\/2101\/revisions"}],"predecessor-version":[{"id":2103,"href":"https:\/\/noticiasregionais.com.br\/index.php?rest_route=\/wp\/v2\/posts\/2101\/revisions\/2103"}],"wp:featuredmedia":[{"embeddable":true,"href":"https:\/\/noticiasregionais.com.br\/index.php?rest_route=\/wp\/v2\/media\/2102"}],"wp:attachment":[{"href":"https:\/\/noticiasregionais.com.br\/index.php?rest_route=%2Fwp%2Fv2%2Fmedia&parent=2101"}],"wp:term":[{"taxonomy":"category","embeddable":true,"href":"https:\/\/noticiasregionais.com.br\/index.php?rest_route=%2Fwp%2Fv2%2Fcategories&post=2101"},{"taxonomy":"post_tag","embeddable":true,"href":"https:\/\/noticiasregionais.com.br\/index.php?rest_route=%2Fwp%2Fv2%2Ftags&post=2101"}],"curies":[{"name":"wp","href":"https:\/\/api.w.org\/{rel}","templated":true}]}}