{"id":2104,"date":"2024-02-21T07:44:36","date_gmt":"2024-02-21T10:44:36","guid":{"rendered":"https:\/\/noticiasregionais.com.br\/?p=2104"},"modified":"2024-02-21T07:44:39","modified_gmt":"2024-02-21T10:44:39","slug":"sem-acordo-no-tst-trabalhadores-devem-receber-salario-previsto-no-novo-piso-da-enfermagem","status":"publish","type":"post","link":"https:\/\/noticiasregionais.com.br\/?p=2104","title":{"rendered":"Sem acordo no TST, trabalhadores devem receber sal\u00e1rio previsto no Novo Piso da Enfermagem"},"content":{"rendered":"\n<p class=\"has-text-align-center\"><strong>O TST aguarda a manifesta\u00e7\u00e3o da requerente CNSaude, que tem at\u00e9 sexta-feira (23) para se posicionar<\/strong><\/p>\n\n\n\n<p>O Tribunal Superior do Trabalho (TST) deu mais uma chance para que os enfermeiros, t\u00e9cnicos em enfermagem, auxiliares de enfermagem e parteiras de todo o pa\u00eds e a Confedera\u00e7\u00e3o Nacional de Sa\u00fade (CNSa\u00fade) \u2014 que representa a categoria patronal de estabelecimentos privados de sa\u00fade \u2014 cheguem a um acordo com rela\u00e7\u00e3o ao valor que deve ser pago de sal\u00e1rio para a categoria.. Eles t\u00eam at\u00e9 sexta-feira (23) para encontrar uma solu\u00e7\u00e3o e acabar com esse impasse.<\/p>\n\n\n\n<p>Se n\u00e3o existir consenso nessa reuni\u00e3o, o entendimento \u00e9 que deve prevalecer a legisla\u00e7\u00e3o vigente, conforme estabelecido pelo Supremo Tribunal Federal (STF), como explica a advogada trabalhista Camila Andrea Braga.<\/p>\n\n\n\n<p>\u201cN\u00e3o havendo negocia\u00e7\u00e3o, o processo de media\u00e7\u00e3o \u00e9 finalizado pelo desinteresse de uma das partes em fazer uma composi\u00e7\u00e3o, em negociar aquilo que j\u00e1 est\u00e1 legalmente garantido. E n\u00e3o se tem muito como buscar outras formas de negocia\u00e7\u00e3o, porque a negocia\u00e7\u00e3o pode ser feita livremente.\u201d, eplica.<\/p>\n\n\n\n<p>A especialista continua: \u201cas empresas, as entidades que representam os patronais podem voluntariamente se reunir com os sindicatos, que voluntariamente podem ir nessas negocia\u00e7\u00f5es e buscar uma via comum, ou n\u00e3o. E n\u00e3o havendo essa negocia\u00e7\u00e3o fica valendo o que j\u00e1 est\u00e1 fixado em lei, o que est\u00e1 imposto\u201d, destaca.<\/p>\n\n\n\n<p>O conselheiro do Conselho Nacional da Enfermagem Daniel Menezes espera que os questionamentos levantados pelas entidades que representam a categoria sejam definidos. \u201cN\u00f3s enquanto Conselho Federal de Enfermagem, n\u00f3s entendemos e esperamos que a CN Sa\u00fade, que prop\u00f4s a media\u00e7\u00e3o, compare\u00e7a e aprecie a proposta elaborada pelos trabalhadores, que \u00e9 o que n\u00f3s estamos defendendo\u201d, relata.<\/p>\n\n\n\n<h2 class=\"wp-block-heading\">Media\u00e7\u00e3o no TST<\/h2>\n\n\n\n<p>O TST aguarda a manifesta\u00e7\u00e3o da requerente CNSaude. O Ministro Aloysio Corr\u00eaa da Veiga \u2014 que est\u00e1 conduzindo a negocia\u00e7\u00e3o \u2014 renovou a intima\u00e7\u00e3o para manifesta\u00e7\u00e3o sobre a proposta dos trabalhadores. O prazo expirou no in\u00edcio de fevereiro. Foi renovado at\u00e9 sexta-feira (23), sob pena de desinteresse na media\u00e7\u00e3o e arquivamento do procedimento.<\/p>\n\n\n\n<p>De acordo com a advogada especialista em direito do trabalho, a media\u00e7\u00e3o \u00e9 proposta para trazer alternativas espec\u00edficas a uma imposi\u00e7\u00e3o geral. \u201cA legisla\u00e7\u00e3o imp\u00f5e de forma \u00fanica e geral pisos m\u00ednimos, valores m\u00ednimos, e as negocia\u00e7\u00f5es coletivas podem fazer uma altera\u00e7\u00e3o, uma varia\u00e7\u00e3o desses patamares m\u00ednimos fixados por lei\u201d, informa.<\/p>\n\n\n\n<p>N\u00e3o ocorrendo um acordo, a advogada conta que prevalece a legisla\u00e7\u00e3o vigente, que est\u00e1 sendo imposta de forma geral. \u201cFica valendo a lei que fixa o piso. Se n\u00e3o houver um instrumento coletivo realizado atrav\u00e9s de negocia\u00e7\u00e3o para modificar esses patamares m\u00ednimos, fica prevalecendo a legisla\u00e7\u00e3o vigente, pontua.<\/p>\n\n\n\n<p>Ao longo do ano de 2023, o TST foi chamado pela Confedera\u00e7\u00e3o Nacional de Sa\u00fade (CNSa\u00fade) para mediar a situa\u00e7\u00e3o. V\u00e1rios encontros foram feitos, mas sem solu\u00e7\u00e3o. No momento, existe uma \u00faltima proposta em aberto no TST. &nbsp;<\/p>\n\n\n\n<h2 class=\"wp-block-heading\">Decis\u00e3o STF<\/h2>\n\n\n\n<p>O plen\u00e1rio do STF concluiu, em sess\u00e3o virtual, que a implementa\u00e7\u00e3o do piso, em rela\u00e7\u00e3o aos profissionais celetistas em geral, deve ocorrer de forma regionalizada, por meio de negocia\u00e7\u00e3o coletiva nas diferentes bases territoriais e nas respectivas datas-bases. Conforme a decis\u00e3o, o entendimento foi que deve prevalecer o negociado sobre o legislado, tendo em vista a preocupa\u00e7\u00e3o com eventuais demiss\u00f5es e o car\u00e1ter essencial do servi\u00e7o de sa\u00fade.<\/p>\n\n\n\n<p>Segundo a Confedera\u00e7\u00e3o Nacional de Munic\u00edpios (CNM), \u00e9 importante que os gestores municipais continuem atentos \u00e0s novas orienta\u00e7\u00f5es que podem decorrer ap\u00f3s a decis\u00e3o do STF. De acordo com a CNM, com a rejei\u00e7\u00e3o dos embargos de declara\u00e7\u00e3o que foram apresentados pela confedera\u00e7\u00e3o, algumas quest\u00f5es n\u00e3o foram esclarecidas, como o custeio dos encargos legais, atualmente suportados pelos munic\u00edpios e com impactos financeiros significativos que merecem aten\u00e7\u00e3o.&nbsp;<\/p>\n\n\n\n<p>De acordo com a legisla\u00e7\u00e3o e nos termos da decis\u00e3o do Supremo Tribunal Federal, o piso \u00e9 de R$ 4.750 para enfermeiras e enfermeiros, R$ 3.325 para t\u00e9cnicas e t\u00e9cnicos e R$ 2.375, para auxiliares e parteiras.&nbsp;<br>&nbsp;<\/p>\n\n\n\n<p>Fonte: <a href=\"https:\/\/brasil61.com\/n\/piso-da-enfermagem-sem-acordo-no-tst-trabalhadores-podem-receber-salario-previsto-na-legislacao-vigente-bras2410993\" target=\"_blank\" rel=\"noreferrer noopener\">Brasil 61<\/a><\/p>\n<input type=\"hidden\" id=\"baseurl\" value=\"https:\/\/noticiasregionais.com.br\"><input type=\"hidden\" id=\"audio_nonce\" value=\"533fbb67b1\">","protected":false},"excerpt":{"rendered":"<p>O TST aguarda a manifesta\u00e7\u00e3o da requerente CNSaude, que tem at\u00e9 sexta-feira (23) para se posicionar O Tribunal Superior do&hellip;<\/p>\n","protected":false},"author":1,"featured_media":2105,"comment_status":"closed","ping_status":"open","sticky":false,"template":"","format":"standard","meta":{"sfsi_plus_gutenberg_text_before_share":"","sfsi_plus_gutenberg_show_text_before_share":"","sfsi_plus_gutenberg_icon_type":"","sfsi_plus_gutenberg_icon_alignemt":"","sfsi_plus_gutenburg_max_per_row":"","footnotes":""},"categories":[8,10,1],"tags":[],"class_list":["post-2104","post","type-post","status-publish","format-standard","has-post-thumbnail","hentry","category-brasil","category-destaques","category-noticias"],"_links":{"self":[{"href":"https:\/\/noticiasregionais.com.br\/index.php?rest_route=\/wp\/v2\/posts\/2104","targetHints":{"allow":["GET"]}}],"collection":[{"href":"https:\/\/noticiasregionais.com.br\/index.php?rest_route=\/wp\/v2\/posts"}],"about":[{"href":"https:\/\/noticiasregionais.com.br\/index.php?rest_route=\/wp\/v2\/types\/post"}],"author":[{"embeddable":true,"href":"https:\/\/noticiasregionais.com.br\/index.php?rest_route=\/wp\/v2\/users\/1"}],"replies":[{"embeddable":true,"href":"https:\/\/noticiasregionais.com.br\/index.php?rest_route=%2Fwp%2Fv2%2Fcomments&post=2104"}],"version-history":[{"count":1,"href":"https:\/\/noticiasregionais.com.br\/index.php?rest_route=\/wp\/v2\/posts\/2104\/revisions"}],"predecessor-version":[{"id":2106,"href":"https:\/\/noticiasregionais.com.br\/index.php?rest_route=\/wp\/v2\/posts\/2104\/revisions\/2106"}],"wp:featuredmedia":[{"embeddable":true,"href":"https:\/\/noticiasregionais.com.br\/index.php?rest_route=\/wp\/v2\/media\/2105"}],"wp:attachment":[{"href":"https:\/\/noticiasregionais.com.br\/index.php?rest_route=%2Fwp%2Fv2%2Fmedia&parent=2104"}],"wp:term":[{"taxonomy":"category","embeddable":true,"href":"https:\/\/noticiasregionais.com.br\/index.php?rest_route=%2Fwp%2Fv2%2Fcategories&post=2104"},{"taxonomy":"post_tag","embeddable":true,"href":"https:\/\/noticiasregionais.com.br\/index.php?rest_route=%2Fwp%2Fv2%2Ftags&post=2104"}],"curies":[{"name":"wp","href":"https:\/\/api.w.org\/{rel}","templated":true}]}}