{"id":211,"date":"2023-09-05T08:44:56","date_gmt":"2023-09-05T11:44:56","guid":{"rendered":"https:\/\/noticiasregionais.com.br\/?p=211"},"modified":"2023-09-05T08:44:57","modified_gmt":"2023-09-05T11:44:57","slug":"homem-e-abandonado-pela-mulher-e-tem-surto-psicotico-na-br-153","status":"publish","type":"post","link":"https:\/\/noticiasregionais.com.br\/?p=211","title":{"rendered":"Homem \u00e9 abandonado pela mulher e tem surto psic\u00f3tico na BR 153"},"content":{"rendered":"\n<p>Na manh\u00e3 desta ter\u00e7a-feira (5), a PRF atendeu uma interdi\u00e7\u00e3o de rodovia provocada por um homem que parou o carro sobre a via e come\u00e7ou a pular sobre o pr\u00f3prio carro.<br>Segundo apurado pela equipe, um homem estava com seu filho de 11 anos no autom\u00f3vel. O homem alegava que queria entregar uma carta para a imprensa local pedindo ajuda, pois foi abandonado pela esposa e o outro filho, de 3 anos, ficou com ela e era abusado por um filho dela de outro relacionamento.<br>O homem parou o carro no meio da rodovia, na altura do km 58, e quando foi sair teve a porta do carro arrancada por uma ambul\u00e2ncia que passava no local.<br>O homem surtou. Come\u00e7ou a pular no teto do pr\u00f3prio carro e esmurrar os outros carros que passavam pelo local. A PRF conteve o homem e o resgate da concession\u00e1ria o encaminhou para o HB.<br>A crian\u00e7a foi entregue ao conselho tutelar e o tr\u00e2nsito liberado.<\/p>\n<input type=\"hidden\" id=\"baseurl\" value=\"https:\/\/noticiasregionais.com.br\"><input type=\"hidden\" id=\"audio_nonce\" value=\"533fbb67b1\">","protected":false},"excerpt":{"rendered":"<p>Na manh\u00e3 desta ter\u00e7a-feira (5), a PRF atendeu uma interdi\u00e7\u00e3o de rodovia provocada por um homem que parou o carro&hellip;<\/p>\n","protected":false},"author":1,"featured_media":212,"comment_status":"closed","ping_status":"open","sticky":false,"template":"","format":"standard","meta":{"sfsi_plus_gutenberg_text_before_share":"","sfsi_plus_gutenberg_show_text_before_share":"","sfsi_plus_gutenberg_icon_type":"","sfsi_plus_gutenberg_icon_alignemt":"","sfsi_plus_gutenburg_max_per_row":"","footnotes":""},"categories":[12,1,6],"tags":[],"class_list":["post-211","post","type-post","status-publish","format-standard","has-post-thumbnail","hentry","category-capa","category-noticias","category-sao_paulo"],"_links":{"self":[{"href":"https:\/\/noticiasregionais.com.br\/index.php?rest_route=\/wp\/v2\/posts\/211","targetHints":{"allow":["GET"]}}],"collection":[{"href":"https:\/\/noticiasregionais.com.br\/index.php?rest_route=\/wp\/v2\/posts"}],"about":[{"href":"https:\/\/noticiasregionais.com.br\/index.php?rest_route=\/wp\/v2\/types\/post"}],"author":[{"embeddable":true,"href":"https:\/\/noticiasregionais.com.br\/index.php?rest_route=\/wp\/v2\/users\/1"}],"replies":[{"embeddable":true,"href":"https:\/\/noticiasregionais.com.br\/index.php?rest_route=%2Fwp%2Fv2%2Fcomments&post=211"}],"version-history":[{"count":1,"href":"https:\/\/noticiasregionais.com.br\/index.php?rest_route=\/wp\/v2\/posts\/211\/revisions"}],"predecessor-version":[{"id":213,"href":"https:\/\/noticiasregionais.com.br\/index.php?rest_route=\/wp\/v2\/posts\/211\/revisions\/213"}],"wp:featuredmedia":[{"embeddable":true,"href":"https:\/\/noticiasregionais.com.br\/index.php?rest_route=\/wp\/v2\/media\/212"}],"wp:attachment":[{"href":"https:\/\/noticiasregionais.com.br\/index.php?rest_route=%2Fwp%2Fv2%2Fmedia&parent=211"}],"wp:term":[{"taxonomy":"category","embeddable":true,"href":"https:\/\/noticiasregionais.com.br\/index.php?rest_route=%2Fwp%2Fv2%2Fcategories&post=211"},{"taxonomy":"post_tag","embeddable":true,"href":"https:\/\/noticiasregionais.com.br\/index.php?rest_route=%2Fwp%2Fv2%2Ftags&post=211"}],"curies":[{"name":"wp","href":"https:\/\/api.w.org\/{rel}","templated":true}]}}