{"id":2115,"date":"2024-02-22T10:06:46","date_gmt":"2024-02-22T13:06:46","guid":{"rendered":"https:\/\/noticiasregionais.com.br\/?p=2115"},"modified":"2024-02-22T10:06:58","modified_gmt":"2024-02-22T13:06:58","slug":"fim-das-saidinhas-de-presos-senado-aprova-com-ampla-maioria-a-restricao-do-beneficio","status":"publish","type":"post","link":"https:\/\/noticiasregionais.com.br\/?p=2115","title":{"rendered":"Fim das \u201csaidinhas\u201d de presos: Senado aprova, com ampla maioria, a restri\u00e7\u00e3o do benef\u00edcio"},"content":{"rendered":"\n<p class=\"has-text-align-center\">De acordo com o texto, que agora volta para a C\u00e2mara dos Deputados, apenas presos que estudam continuam tendo direito \u00e0s sa\u00eddas espor\u00e1dicas<\/p>\n\n\n\n<p>Est\u00e1 (de volta)&nbsp; \u00e0s&nbsp;\u00e0s m\u00e3os da C\u00e2mara dos Deputados decidir o futuro de um benef\u00edcio em vigor h\u00e1 40 anos: a conhecida \u201csaidinha dos presos\u201d. A restri\u00e7\u00e3o foi aprovada por maioria \u2014 62 votos a favor e dois contra \u2014 &nbsp;no Senado na noite da \u00faltima ter\u00e7a-feira (20) e revoga as sa\u00eddas espor\u00e1dicas, que aconteciam em datas festivas e feriados.<\/p>\n\n\n\n<p>Na avalia\u00e7\u00e3o do cientista pol\u00edtico Andr\u00e9 C\u00e9sar, a decis\u00e3o tomada pelo Senado \u00e9 correta, j\u00e1 que parte dos presos que saem cometem crimes quando est\u00e3o fora da cadeia. Mas, para ele, a decis\u00e3o deve ser amplamente debatida, inclusive com a sociedade civil.&nbsp;<\/p>\n\n\n\n<p>\u201c\u00c9 preciso repensar esse modelo e processo \u2014&nbsp;&nbsp;e \u00e9 fundamental o Congresso discutir o tema, \u00e9 inevit\u00e1vel. E a partir disso vamos avan\u00e7ar e aprofundar o debate.\u201d&nbsp;<\/p>\n\n\n\n<p>Hoje, a <a href=\"https:\/\/normas.leg.br\/?urn=urn:lex:br:federal:lei:1984-07-11;7210\" target=\"_blank\" rel=\"noopener\">Lei 7.210\/1984<\/a>&nbsp;prev\u00ea a saidinha para os presos com bom comportamento, que cumprem pena em regime semiaberto e j\u00e1 cumpriram um sexto da pena. As sa\u00eddas acontecem cerca de cinco vezes ao ano, em datas especiais, como o Dia das m\u00e3es e Natal. No per\u00edodo fora da pris\u00e3o, n\u00e3o h\u00e1 vigil\u00e2ncia direta e os beneficiados podem visitar a fam\u00edlia, estudar fora da cadeia ou participar de atividades que contribuam para a ressocializa\u00e7\u00e3o.<\/p>\n\n\n\n<h2 class=\"wp-block-heading\">Ressocializa\u00e7\u00e3o, o motivo do benef\u00edcio<\/h2>\n\n\n\n<p>\u201cA saidinha faz parte de um projeto de ressocializa\u00e7\u00e3o do preso, que visa aos poucos, reintegrar o preso \u00e0 sociedade\u201d&nbsp; \u2014&nbsp;a explica\u00e7\u00e3o sobre o benef\u00edcio \u00e9 do especialista em seguran\u00e7a p\u00fablica e presidente do Instituto de Criminal\u00edstica e Ci\u00eancias Policiais da Am\u00e9rica Latina, Jos\u00e9 Ricardo Bandeira.&nbsp;<\/p>\n\n\n\n<p>E, segundo o especialista, retirar esse benef\u00edcio \u00e9 punir quem est\u00e1 indo no caminho correto pelo erro de outros. A explica\u00e7\u00e3o \u00e9 baseada na estat\u00edstica de que 95% dos que saem, voltam para a pris\u00e3o e 5% n\u00e3o voltam.<\/p>\n\n\n\n<p>\u201cEssa lei est\u00e1 punindo 95% dos presos, que t\u00eam bom comportamento, que cumprem a saidinha e retornam para os pres\u00eddios \u2014 baseado somente nos 5% dos presos que n\u00e3o voltam. Isso seria o equivalente ao exemplo de cassar as carteiras de motoristas de todos os condutores do Brasil porque 5% deles dirigem alcoolizados.\u201d&nbsp;<\/p>\n\n\n\n<p>De janeiro a junho de 2023, 120.244 presos tiveram acesso \u00e0 sa\u00edda tempor\u00e1ria em todo o pa\u00eds, segundo dados da Secretaria Nacional de Pol\u00edticas Penais (Senappen), do Minist\u00e9rio da Justi\u00e7a. Desses, 7.630 n\u00e3o retornaram, se atrasaram na volta \u00e0 unidade prisional ou cometeram uma falta no per\u00edodo da sa\u00edda \u2014&nbsp;o que representa uma parcela de 6,3% do total de beneficiados.<\/p>\n\n\n\n<h2 class=\"wp-block-heading\">Os cerca de 5% que n\u00e3o voltam&nbsp;<\/h2>\n\n\n\n<p>S\u00e3o Paulo, o estado mais populoso do pa\u00eds, tem tamb\u00e9m a maior popula\u00e7\u00e3o carcer\u00e1ria do Brasil. Segundo a Secretaria de Administra\u00e7\u00e3o Penitenci\u00e1ria do Estado, at\u00e9 o fim de 2023 eram 197 mil presos \u2014 desses, cerca de 35 mil \u2014 tinham direito \u00e0s sa\u00eddas. No ano passado, 1.560 n\u00e3o retornaram aos pres\u00eddios, pouco menos de 5%.<\/p>\n\n\n\n<p>Al\u00e9m de n\u00e3o voltarem para a pris\u00e3o, parte dos presos que saem&nbsp;cometem crimes nessas saidinhas. O especialista em seguran\u00e7a p\u00fablica ainda explica que dos 5% que n\u00e3o voltam \u00e0 pris\u00e3o, \u201cnormalmente s\u00e3o reincidentes nos crimes que os levaram \u00e0 pris\u00e3o.\u201d Ricardo Bandeira explica que se ele foi condenado por furto, roubo, tr\u00e1fico, eles costumam cometer crimes da mesma natureza.\u201d<\/p>\n\n\n\n<p>Ele ainda explica que muitos deles cometem os crimes na saidinha e voltam para o pres\u00eddio no prazo estabelecido, \u201cisso n\u00e3o \u00e9 incomum e vale lembrar que estamos lidando com criminosos \u2014 e faz parte do processo\u201d.&nbsp;<\/p>\n\n\n\n<p>O preso que sai e comete qualquer crime&nbsp;perde o direito ao benef\u00edcio&nbsp; E pode ter a regress\u00e3o do regime e voltar&nbsp; a cumprir pena em regime fechado.&nbsp;<\/p>\n\n\n\n<p>Pelo texto aprovado no Senado, as sa\u00eddas tempor\u00e1rias ainda ser\u00e3o permitidas, mas apenas para presos inscritos em cursos profissionalizantes ou nos ensinos m\u00e9dio e superior&nbsp; E&nbsp;somente pelo tempo necess\u00e1rio para essas atividades. O texto agora volta para a C\u00e2mara dos Deputados e s\u00f3 depois&nbsp; segue para a san\u00e7\u00e3o ou veto do presidente Lula.<br>&nbsp;<\/p>\n\n\n\n<p>Fonte: <a href=\"https:\/\/brasil61.com\/n\/fim-das-saidinhas-de-presos-senado-aprova-com-ampla-maioria-a-restricao-do-beneficio-bras2411028\" target=\"_blank\" rel=\"noreferrer noopener\">Brasil 61<\/a><\/p>\n<input type=\"hidden\" id=\"baseurl\" value=\"https:\/\/noticiasregionais.com.br\"><input type=\"hidden\" id=\"audio_nonce\" value=\"533fbb67b1\">","protected":false},"excerpt":{"rendered":"<p>De acordo com o texto, que agora volta para a C\u00e2mara dos Deputados, apenas presos que estudam continuam tendo direito&hellip;<\/p>\n","protected":false},"author":1,"featured_media":2116,"comment_status":"closed","ping_status":"open","sticky":false,"template":"","format":"standard","meta":{"sfsi_plus_gutenberg_text_before_share":"","sfsi_plus_gutenberg_show_text_before_share":"","sfsi_plus_gutenberg_icon_type":"","sfsi_plus_gutenberg_icon_alignemt":"","sfsi_plus_gutenburg_max_per_row":"","footnotes":""},"categories":[8,10,1],"tags":[],"class_list":["post-2115","post","type-post","status-publish","format-standard","has-post-thumbnail","hentry","category-brasil","category-destaques","category-noticias"],"_links":{"self":[{"href":"https:\/\/noticiasregionais.com.br\/index.php?rest_route=\/wp\/v2\/posts\/2115","targetHints":{"allow":["GET"]}}],"collection":[{"href":"https:\/\/noticiasregionais.com.br\/index.php?rest_route=\/wp\/v2\/posts"}],"about":[{"href":"https:\/\/noticiasregionais.com.br\/index.php?rest_route=\/wp\/v2\/types\/post"}],"author":[{"embeddable":true,"href":"https:\/\/noticiasregionais.com.br\/index.php?rest_route=\/wp\/v2\/users\/1"}],"replies":[{"embeddable":true,"href":"https:\/\/noticiasregionais.com.br\/index.php?rest_route=%2Fwp%2Fv2%2Fcomments&post=2115"}],"version-history":[{"count":1,"href":"https:\/\/noticiasregionais.com.br\/index.php?rest_route=\/wp\/v2\/posts\/2115\/revisions"}],"predecessor-version":[{"id":2117,"href":"https:\/\/noticiasregionais.com.br\/index.php?rest_route=\/wp\/v2\/posts\/2115\/revisions\/2117"}],"wp:featuredmedia":[{"embeddable":true,"href":"https:\/\/noticiasregionais.com.br\/index.php?rest_route=\/wp\/v2\/media\/2116"}],"wp:attachment":[{"href":"https:\/\/noticiasregionais.com.br\/index.php?rest_route=%2Fwp%2Fv2%2Fmedia&parent=2115"}],"wp:term":[{"taxonomy":"category","embeddable":true,"href":"https:\/\/noticiasregionais.com.br\/index.php?rest_route=%2Fwp%2Fv2%2Fcategories&post=2115"},{"taxonomy":"post_tag","embeddable":true,"href":"https:\/\/noticiasregionais.com.br\/index.php?rest_route=%2Fwp%2Fv2%2Ftags&post=2115"}],"curies":[{"name":"wp","href":"https:\/\/api.w.org\/{rel}","templated":true}]}}