{"id":2118,"date":"2024-02-22T10:25:49","date_gmt":"2024-02-22T13:25:49","guid":{"rendered":"https:\/\/noticiasregionais.com.br\/?p=2118"},"modified":"2024-02-22T10:25:55","modified_gmt":"2024-02-22T13:25:55","slug":"prf-auxilia-mae-de-jovem-com-problemas-psiquiatricos-e-evita-acidente-ao-resgata-lo-na-br-153","status":"publish","type":"post","link":"https:\/\/noticiasregionais.com.br\/?p=2118","title":{"rendered":"PRF auxilia m\u00e3e de jovem com problemas psiqui\u00e1tricos e evita acidente ao resgata-lo na BR-153"},"content":{"rendered":"\n<p>A expectativa de toda m\u00e3e \u00e9 que seus filhos sigam o caminho do equil\u00edbrio e prosperidade ao atingirem a maioridade. Transmitem valores ao longo da inf\u00e2ncia, para que seus rebentos sejam felizes na vida adulta.<br>N\u00e3o \u00e1 o caso da m\u00e3e que buscou o aux\u00edlio da PRF de S\u00e3o Jos\u00e9 do Rio Preto na tarde desta quarta-feira (21). Ela ligou desesperada para a Central de Opera\u00e7\u00f5es da PRF, dizendo que seu filho de 23 anos tem problemas psiqui\u00e1tricos, saiu de casa e foi avistado caminhando sobre a pista da BR 153, entre os ve\u00edculos que passavam em alta velocidade.<br>A partir da\u00ed come\u00e7ou uma corrida contra o tempo, a fim de evitar um iminente atropelamento do rapaz.<br>As equipes da PRF conseguiram chegar a tempo e resgatar o rapaz. Ele foi encaminhado mais uma vez para o Hospital Bezerra de Menezes.<br>A m\u00e3e revelou que ele tem surtos e foge de casa, mesmo ap\u00f3s v\u00e1rias interna\u00e7\u00f5es psiqui\u00e1tricas.<br>Este cap\u00edtulo terminou bem, mas a novela de perseveran\u00e7a desta m\u00e3e est\u00e1 longe de ter um fim.<\/p>\n<input type=\"hidden\" id=\"baseurl\" value=\"https:\/\/noticiasregionais.com.br\"><input type=\"hidden\" id=\"audio_nonce\" value=\"533fbb67b1\">","protected":false},"excerpt":{"rendered":"<p>A expectativa de toda m\u00e3e \u00e9 que seus filhos sigam o caminho do equil\u00edbrio e prosperidade ao atingirem a maioridade.&hellip;<\/p>\n","protected":false},"author":1,"featured_media":2119,"comment_status":"closed","ping_status":"open","sticky":false,"template":"","format":"standard","meta":{"sfsi_plus_gutenberg_text_before_share":"","sfsi_plus_gutenberg_show_text_before_share":"","sfsi_plus_gutenberg_icon_type":"","sfsi_plus_gutenberg_icon_alignemt":"","sfsi_plus_gutenburg_max_per_row":"","footnotes":""},"categories":[6,10,1],"tags":[],"class_list":["post-2118","post","type-post","status-publish","format-standard","has-post-thumbnail","hentry","category-sao_paulo","category-destaques","category-noticias"],"_links":{"self":[{"href":"https:\/\/noticiasregionais.com.br\/index.php?rest_route=\/wp\/v2\/posts\/2118","targetHints":{"allow":["GET"]}}],"collection":[{"href":"https:\/\/noticiasregionais.com.br\/index.php?rest_route=\/wp\/v2\/posts"}],"about":[{"href":"https:\/\/noticiasregionais.com.br\/index.php?rest_route=\/wp\/v2\/types\/post"}],"author":[{"embeddable":true,"href":"https:\/\/noticiasregionais.com.br\/index.php?rest_route=\/wp\/v2\/users\/1"}],"replies":[{"embeddable":true,"href":"https:\/\/noticiasregionais.com.br\/index.php?rest_route=%2Fwp%2Fv2%2Fcomments&post=2118"}],"version-history":[{"count":1,"href":"https:\/\/noticiasregionais.com.br\/index.php?rest_route=\/wp\/v2\/posts\/2118\/revisions"}],"predecessor-version":[{"id":2120,"href":"https:\/\/noticiasregionais.com.br\/index.php?rest_route=\/wp\/v2\/posts\/2118\/revisions\/2120"}],"wp:featuredmedia":[{"embeddable":true,"href":"https:\/\/noticiasregionais.com.br\/index.php?rest_route=\/wp\/v2\/media\/2119"}],"wp:attachment":[{"href":"https:\/\/noticiasregionais.com.br\/index.php?rest_route=%2Fwp%2Fv2%2Fmedia&parent=2118"}],"wp:term":[{"taxonomy":"category","embeddable":true,"href":"https:\/\/noticiasregionais.com.br\/index.php?rest_route=%2Fwp%2Fv2%2Fcategories&post=2118"},{"taxonomy":"post_tag","embeddable":true,"href":"https:\/\/noticiasregionais.com.br\/index.php?rest_route=%2Fwp%2Fv2%2Ftags&post=2118"}],"curies":[{"name":"wp","href":"https:\/\/api.w.org\/{rel}","templated":true}]}}