{"id":2121,"date":"2024-02-22T10:40:57","date_gmt":"2024-02-22T13:40:57","guid":{"rendered":"https:\/\/noticiasregionais.com.br\/?p=2121"},"modified":"2024-02-22T10:41:09","modified_gmt":"2024-02-22T13:41:09","slug":"grupo-teatral-esparrama-realiza-espetaculo-e-oficina-gratuitos-no-domingo-25","status":"publish","type":"post","link":"https:\/\/noticiasregionais.com.br\/?p=2121","title":{"rendered":"Grupo Teatral \u201cEsparrama\u201d realiza espet\u00e1culo e oficina gratuitos no domingo (25)"},"content":{"rendered":"\n<p>A Secretaria Municipal de Cultura de Ourinhos informa que no pr\u00f3ximo domingo (25), \u00e0s 18h, o Teatro \u201cMiguel Cury\u201d ter\u00e1 como atra\u00e7\u00e3o gratuita o espet\u00e1culo \u201cFim?\u201d &#8211; produzido pelo premiado grupo teatral Esparrama. O espet\u00e1culo tem dura\u00e7\u00e3o de 45 minutos e tem classifica\u00e7\u00e3o indicativa livre para todas as idades e faz parte do Programa de A\u00e7\u00e3o Cultural \u2013 ProAC, promovido pela Secretaria da Cultura, Economia e Ind\u00fastria Criativas do Governo do Estado de S\u00e3o Paulo.<\/p>\n\n\n\n<p>A pe\u00e7a, j\u00e1 escolhida em premia\u00e7\u00f5es populares e de cr\u00edticos como uma das melhores nas categorias infanto-juvenis, trata de diversas perspectivas sobre o fim do mundo. Utiliza-se ainda de uma abordagem vi\u00e9s ecol\u00f3gica, ressaltando a necessidade de recuperar a natureza e da urg\u00eancia de pensarmos formas de consumo consciente e sustent\u00e1vel. Em um momento de tantos conflitos, tamb\u00e9m cita a falta do encontro do ser humano com o seu outro, que acontece pela falta de di\u00e1logo, pela aus\u00eancia de afetos, pela falta de empatia com a dor alheia.<\/p>\n\n\n\n<p><strong>OFICINA COM EXPERI\u00caNCIA ESPECIAL<br><\/strong>Antes da pe\u00e7a, \u00e0s 16h, ser\u00e1 feita uma oficina no pr\u00f3prio teatro, com 25 vagas por ordem de chegada. Crian\u00e7as tamb\u00e9m podem participar. Ser\u00e1 feita uma simula\u00e7\u00e3o de uma montagem t\u00e9cnica do espet\u00e1culo (cen\u00e1rio, figurino, ilumina\u00e7\u00e3o, maquiagem etc.), na qual o grupo apresenta para os participantes quais s\u00e3o os diversos profissionais e fun\u00e7\u00f5es que fazem parte da cria\u00e7\u00e3o de um espet\u00e1culo de teatro, os convidando para fazer parte e experimentar a produ\u00e7\u00e3o teatral e o trabalho coletivo que envolve um espet\u00e1culo.<\/p>\n<input type=\"hidden\" id=\"baseurl\" value=\"https:\/\/noticiasregionais.com.br\"><input type=\"hidden\" id=\"audio_nonce\" value=\"d83e465ad3\">","protected":false},"excerpt":{"rendered":"<p>A Secretaria Municipal de Cultura de Ourinhos informa que no pr\u00f3ximo domingo (25), \u00e0s 18h, o Teatro \u201cMiguel Cury\u201d ter\u00e1&hellip;<\/p>\n","protected":false},"author":1,"featured_media":2122,"comment_status":"closed","ping_status":"open","sticky":false,"template":"","format":"standard","meta":{"sfsi_plus_gutenberg_text_before_share":"","sfsi_plus_gutenberg_show_text_before_share":"","sfsi_plus_gutenberg_icon_type":"","sfsi_plus_gutenberg_icon_alignemt":"","sfsi_plus_gutenburg_max_per_row":"","footnotes":""},"categories":[5,10,1],"tags":[],"class_list":["post-2121","post","type-post","status-publish","format-standard","has-post-thumbnail","hentry","category-ourinhos","category-destaques","category-noticias"],"_links":{"self":[{"href":"https:\/\/noticiasregionais.com.br\/index.php?rest_route=\/wp\/v2\/posts\/2121","targetHints":{"allow":["GET"]}}],"collection":[{"href":"https:\/\/noticiasregionais.com.br\/index.php?rest_route=\/wp\/v2\/posts"}],"about":[{"href":"https:\/\/noticiasregionais.com.br\/index.php?rest_route=\/wp\/v2\/types\/post"}],"author":[{"embeddable":true,"href":"https:\/\/noticiasregionais.com.br\/index.php?rest_route=\/wp\/v2\/users\/1"}],"replies":[{"embeddable":true,"href":"https:\/\/noticiasregionais.com.br\/index.php?rest_route=%2Fwp%2Fv2%2Fcomments&post=2121"}],"version-history":[{"count":1,"href":"https:\/\/noticiasregionais.com.br\/index.php?rest_route=\/wp\/v2\/posts\/2121\/revisions"}],"predecessor-version":[{"id":2123,"href":"https:\/\/noticiasregionais.com.br\/index.php?rest_route=\/wp\/v2\/posts\/2121\/revisions\/2123"}],"wp:featuredmedia":[{"embeddable":true,"href":"https:\/\/noticiasregionais.com.br\/index.php?rest_route=\/wp\/v2\/media\/2122"}],"wp:attachment":[{"href":"https:\/\/noticiasregionais.com.br\/index.php?rest_route=%2Fwp%2Fv2%2Fmedia&parent=2121"}],"wp:term":[{"taxonomy":"category","embeddable":true,"href":"https:\/\/noticiasregionais.com.br\/index.php?rest_route=%2Fwp%2Fv2%2Fcategories&post=2121"},{"taxonomy":"post_tag","embeddable":true,"href":"https:\/\/noticiasregionais.com.br\/index.php?rest_route=%2Fwp%2Fv2%2Ftags&post=2121"}],"curies":[{"name":"wp","href":"https:\/\/api.w.org\/{rel}","templated":true}]}}