{"id":2131,"date":"2024-02-23T19:38:04","date_gmt":"2024-02-23T22:38:04","guid":{"rendered":"https:\/\/noticiasregionais.com.br\/?p=2131"},"modified":"2024-02-23T19:38:16","modified_gmt":"2024-02-23T22:38:16","slug":"concessao-sob-suspeita-liminar-determina-que-prefeitura-preste-informacoes-em-marilia","status":"publish","type":"post","link":"https:\/\/noticiasregionais.com.br\/?p=2131","title":{"rendered":"Concess\u00e3o sob suspeita &#8211; Liminar determina que Prefeitura preste informa\u00e7\u00f5es em Mar\u00edlia"},"content":{"rendered":"\n<p class=\"has-text-align-center\"><strong>Na decis\u00e3o, a prefeitura tem cinco dias para entregar todos os detalhes do processo de concess\u00e3o dos servi\u00e7os de \u00e1gua e esgoto do munic\u00edpio. Certame est\u00e1 marcado para o dia 29 de fevereiro, a partir das 9h.<\/strong><\/p>\n\n\n\n<p>Uma liminar da Justi\u00e7a determinou que a Prefeitura de Mar\u00edlia (SP) entregue \u00e0 C\u00e2mara dos Vereadores a documenta\u00e7\u00e3o sobre o processo de concess\u00e3o do Departamento de \u00c1gua e Esgoto de Mar\u00edlia (Daem) \u00e0 iniciativa privada.<\/p>\n\n\n\n<p>Na decis\u00e3o, a prefeitura tem cinco dias para entregar todos os detalhes do processo de concess\u00e3o dos servi\u00e7os de \u00e1gua e esgoto do munic\u00edpio.<\/p>\n\n\n\n<p>Segundo o Poder Legislativo, os documentos foram solicitados pela comiss\u00e3o de finan\u00e7as, or\u00e7amento e servidor p\u00fablico, da Casa de Leis, no dia 18 de dezembro de 2023.<\/p>\n\n\n\n<p>Em nota, a Prefeitura de Mar\u00edlia informou que &#8220;todas as informa\u00e7\u00f5es, dados e demais conte\u00fados alusivos ao processo de concess\u00e3o da autarquia do Daem est\u00e3o dispon\u00edveis no site oficial da prefeitura&#8221;.<\/p>\n\n\n\n<p>Ainda no comunicado, o munic\u00edpio pontuou que &#8220;preza pela transpar\u00eancia e pela obedi\u00eancia \u00e0s institui\u00e7\u00f5es, e, portanto, cumprir\u00e1 a senten\u00e7a da Justi\u00e7a de Mar\u00edlia de modo integral&#8221;.<\/p>\n\n\n\n<p><strong>Suspens\u00f5es<br><\/strong>Iniciado em 2022, o processo de concess\u00e3o do Daem j\u00e1 foi suspenso mais de uma vez nos \u00faltimos meses.<\/p>\n\n\n\n<p>Na primeira delas, o Tribunal de Contas do Estado de S\u00e3o Paulo (TCE-SP) suspendeu temporariamente o certame ap\u00f3s tr\u00eas empresas questionarem o edital. Poucos dias depois, a Justi\u00e7a tamb\u00e9m suspendeu a concess\u00e3o, que foi retomada em agosto ap\u00f3s decis\u00e3o judicial.<\/p>\n\n\n\n<p>No dia 8 de dezembro de 2023, foi a vez da pr\u00f3pria Prefeitura de Mar\u00edlia suspender o certame. No documento, o termo de suspens\u00e3o informou que a decis\u00e3o tinha como base &#8220;princ\u00edpios de efici\u00eancia, probidade administrativa e o interesse p\u00fablico&#8221;, sem especificar detalhes.<\/p>\n\n\n\n<p>No dia 23 de dezembro, um termo de continuidade do edital de licita\u00e7\u00e3o para concess\u00e3o do Departamento de \u00c1gua e Esgoto de Mar\u00edlia (Daem) foi publicado no Di\u00e1rio Oficial do Munic\u00edpio de Mar\u00edlia.<\/p>\n\n\n\n<p>Assim, ficou designada a nova data da concorr\u00eancia p\u00fablica, que foi agendada para o dia 29 de fevereiro, a partir das 9h. O edital prev\u00ea a concess\u00e3o dos servi\u00e7os prestados pelo Daem ao longo de 35 anos.<\/p>\n\n\n\n<p><strong><sub>fonte: G1 Bauru e Mar\u00edlia<\/sub><\/strong><\/p>\n<input type=\"hidden\" id=\"baseurl\" value=\"https:\/\/noticiasregionais.com.br\"><input type=\"hidden\" id=\"audio_nonce\" value=\"533fbb67b1\">","protected":false},"excerpt":{"rendered":"<p>Na decis\u00e3o, a prefeitura tem cinco dias para entregar todos os detalhes do processo de concess\u00e3o dos servi\u00e7os de \u00e1gua&hellip;<\/p>\n","protected":false},"author":1,"featured_media":2132,"comment_status":"closed","ping_status":"open","sticky":false,"template":"","format":"standard","meta":{"sfsi_plus_gutenberg_text_before_share":"","sfsi_plus_gutenberg_show_text_before_share":"","sfsi_plus_gutenberg_icon_type":"","sfsi_plus_gutenberg_icon_alignemt":"","sfsi_plus_gutenburg_max_per_row":"","footnotes":""},"categories":[6,12,1],"tags":[],"class_list":["post-2131","post","type-post","status-publish","format-standard","has-post-thumbnail","hentry","category-sao_paulo","category-capa","category-noticias"],"_links":{"self":[{"href":"https:\/\/noticiasregionais.com.br\/index.php?rest_route=\/wp\/v2\/posts\/2131","targetHints":{"allow":["GET"]}}],"collection":[{"href":"https:\/\/noticiasregionais.com.br\/index.php?rest_route=\/wp\/v2\/posts"}],"about":[{"href":"https:\/\/noticiasregionais.com.br\/index.php?rest_route=\/wp\/v2\/types\/post"}],"author":[{"embeddable":true,"href":"https:\/\/noticiasregionais.com.br\/index.php?rest_route=\/wp\/v2\/users\/1"}],"replies":[{"embeddable":true,"href":"https:\/\/noticiasregionais.com.br\/index.php?rest_route=%2Fwp%2Fv2%2Fcomments&post=2131"}],"version-history":[{"count":1,"href":"https:\/\/noticiasregionais.com.br\/index.php?rest_route=\/wp\/v2\/posts\/2131\/revisions"}],"predecessor-version":[{"id":2133,"href":"https:\/\/noticiasregionais.com.br\/index.php?rest_route=\/wp\/v2\/posts\/2131\/revisions\/2133"}],"wp:featuredmedia":[{"embeddable":true,"href":"https:\/\/noticiasregionais.com.br\/index.php?rest_route=\/wp\/v2\/media\/2132"}],"wp:attachment":[{"href":"https:\/\/noticiasregionais.com.br\/index.php?rest_route=%2Fwp%2Fv2%2Fmedia&parent=2131"}],"wp:term":[{"taxonomy":"category","embeddable":true,"href":"https:\/\/noticiasregionais.com.br\/index.php?rest_route=%2Fwp%2Fv2%2Fcategories&post=2131"},{"taxonomy":"post_tag","embeddable":true,"href":"https:\/\/noticiasregionais.com.br\/index.php?rest_route=%2Fwp%2Fv2%2Ftags&post=2131"}],"curies":[{"name":"wp","href":"https:\/\/api.w.org\/{rel}","templated":true}]}}