{"id":2134,"date":"2024-02-26T09:21:47","date_gmt":"2024-02-26T12:21:47","guid":{"rendered":"https:\/\/noticiasregionais.com.br\/?p=2134"},"modified":"2024-02-26T09:21:58","modified_gmt":"2024-02-26T12:21:58","slug":"famesp-abre-mais-de-30-processos-seletivos-com-vagas-em-unidades-hospitalares-da-regiao","status":"publish","type":"post","link":"https:\/\/noticiasregionais.com.br\/?p=2134","title":{"rendered":"Famesp abre mais de 30 processos seletivos com vagas em unidades hospitalares da regi\u00e3o"},"content":{"rendered":"\n<p class=\"has-text-align-center\"><strong>Al\u00e9m de vagas para profissionais da sa\u00fade, como m\u00e9dico pediatra e nutricionista, h\u00e1 tamb\u00e9m processos seletivos para outras \u00e1reas, como para porteiro, motorista, encanador e engenheiro el\u00e9trico.<\/strong><\/p>\n\n\n\n<p>A Funda\u00e7\u00e3o para o Desenvolvimento M\u00e9dico e Hospitalar (Famesp) est\u00e1 com inscri\u00e7\u00f5es abertas para oportunidades de atua\u00e7\u00e3o em unidades estaduais de sa\u00fade no centro-oeste paulista, como o Hospital Estadual, Maternidade Santa Isabel e Hospital de Base, em\u00a0<a class=\"\" href=\"https:\/\/g1.globo.com\/sp\/bauru-marilia\/cidade\/bauru\/\" target=\"_blank\" rel=\"noopener\">Bauru (SP)<\/a>, e o Hospital das Cl\u00ednicas (HC) de\u00a0<a class=\"\" href=\"https:\/\/g1.globo.com\/sp\/bauru-marilia\/cidade\/botucatu\/\" target=\"_blank\" rel=\"noopener\">Botucatu (SP)<\/a>.<\/p>\n\n\n\n<p>As inscri\u00e7\u00f5es ser\u00e3o recebidas exclusivamente pelo&nbsp;<a class=\"\" href=\"http:\/\/www.famesp.org.br\/\" target=\"_blank\" rel=\"noreferrer noopener\">site da Funda\u00e7\u00e3o<\/a>&nbsp;at\u00e9 o dia 4 de mar\u00e7o.<\/p>\n\n\n\n<p>Al\u00e9m de vagas para profissionais da sa\u00fade, como&nbsp;m\u00e9dico pediatra e nutricionista, h\u00e1 tamb\u00e9m processos seletivos para outras \u00e1reas, como para os cargos de&nbsp;porteiro, motorista, encanador e engenheiro el\u00e9trico.<\/p>\n\n\n\n<p>Somente uma das 30 vagas tem contrata\u00e7\u00e3o emergencial: a de t\u00e9cnico de enfermagem para atua\u00e7\u00e3o em&nbsp;<a class=\"\" href=\"https:\/\/g1.globo.com\/sp\/bauru-marilia\/cidade\/bauru\/\" target=\"_blank\" rel=\"noopener\">Bauru<\/a>, com contrato por tempo determinado. Todos os editais j\u00e1 est\u00e3o dispon\u00edveis para consulta na aba &#8220;processos seletivos&#8221; do site.<\/p>\n\n\n\n<p>O edital contempla vagas de:<\/p>\n\n\n\n<h2 class=\"wp-block-heading\"><a class=\"\" href=\"https:\/\/g1.globo.com\/sp\/bauru-marilia\/cidade\/bauru\/\" target=\"_blank\" rel=\"noopener\">Bauru<\/a><\/h2>\n\n\n\n<ul class=\"wp-block-list\">\n<li>Oficial administrativo (todas as unidades)<\/li>\n\n\n\n<li>Farmac\u00eautico (todas as unidades)<\/li>\n\n\n\n<li>Fonoaudi\u00f3logo (todas as unidades)<\/li>\n\n\n\n<li>Nutricionista (todas as unidades)<\/li>\n\n\n\n<li>Tecn\u00f3logo em sa\u00fade (todas as unidades)<\/li>\n\n\n\n<li>T\u00e9cnico de inform\u00e1tica j\u00fanior (todas as unidades)<\/li>\n\n\n\n<li>Auxiliar de manuten\u00e7\u00e3o (todas as unidades)<\/li>\n\n\n\n<li>Porteiro (todas as unidades)<\/li>\n\n\n\n<li>T\u00e9cnico de enfermagem (Maternidade Santa Isabel &#8211; edital 0037\/2024)<\/li>\n\n\n\n<li>T\u00e9cnico de enfermagem (HEB\/AME\/HMA &#8211; edital 0043\/2024)<\/li>\n\n\n\n<li>Enfermeiro (Maternidade Santa Isabel &#8211; edital 0041\/2024)<\/li>\n\n\n\n<li>Enfermeiro (HEB\/AME\/HMA &#8211; edital 0038\/2024)<\/li>\n\n\n\n<li>Lactarista (todas as unidades)<\/li>\n\n\n\n<li>T\u00e9cnico de nutri\u00e7\u00e3o (todas as unidades)<\/li>\n\n\n\n<li>Motorista (todas as unidades)<\/li>\n\n\n\n<li>Encanador (todas as unidades)<\/li>\n\n\n\n<li>M\u00e9dico pediatra (todas as unidades)<\/li>\n\n\n\n<li>M\u00e9dico reumatologista (todas as unidades)<\/li>\n\n\n\n<li>M\u00e9dico neurologista adulto (todas as unidades)<\/li>\n\n\n\n<li>M\u00e9dico neurologista pedi\u00e1trico (todas as unidades)<\/li>\n\n\n\n<li>M\u00e9dico auditor (todas as unidades)<\/li>\n\n\n\n<li>M\u00e9dico neuroftalmologia (todas as unidades)<\/li>\n\n\n\n<li>M\u00e9dico ortopedista coluna (escoliose) &#8211; todas as unidades<\/li>\n\n\n\n<li>M\u00e9dico ginecologista obstetra (todas as unidades)<\/li>\n\n\n\n<li>T\u00e9cnico de enfermagem (HEB\/ HMA &#8211; edital 0701\/2024 &#8211; emergencial\/prazo determinado)<\/li>\n<\/ul>\n\n\n\n<h2 class=\"wp-block-heading\"><a class=\"\" href=\"https:\/\/g1.globo.com\/sp\/bauru-marilia\/cidade\/botucatu\/\" target=\"_blank\" rel=\"noopener\">Botucatu<\/a><\/h2>\n\n\n\n<ul class=\"wp-block-list\">\n<li>M\u00e9dico psiquiatra (todas as unidades)<\/li>\n\n\n\n<li>M\u00e9dico hemoterapeuta (todas as unidades)<\/li>\n\n\n\n<li>Engenheiro el\u00e9trico (todas as unidades)<\/li>\n\n\n\n<li>F\u00edsico ou f\u00edsico m\u00e9dico (todas as unidades)<\/li>\n\n\n\n<li>Terapeuta Ocupacional (Rede Lucy Montoro&nbsp;<a class=\"\" href=\"https:\/\/g1.globo.com\/sp\/bauru-marilia\/cidade\/botucatu\/\" target=\"_blank\" rel=\"noopener\">Botucatu<\/a>)<\/li>\n<\/ul>\n\n\n\n<p>As taxas de inscri\u00e7\u00f5es&nbsp;variam entre R$ 20 e R$ 100. As remunera\u00e7\u00f5es s\u00e3o vari\u00e1veis conforme cargo e jornada.<\/p>\n\n\n\n<p><em>fonte:\u00a0<\/em><a class=\"\" href=\"http:\/\/g1.globo.com\/sp\/bauru-marilia\/\" target=\"_blank\" rel=\"noopener\"><em>g1 Bauru e Mar\u00edlia<\/em><\/a><\/p>\n<input type=\"hidden\" id=\"baseurl\" value=\"https:\/\/noticiasregionais.com.br\"><input type=\"hidden\" id=\"audio_nonce\" value=\"533fbb67b1\">","protected":false},"excerpt":{"rendered":"<p>Al\u00e9m de vagas para profissionais da sa\u00fade, como m\u00e9dico pediatra e nutricionista, h\u00e1 tamb\u00e9m processos seletivos para outras \u00e1reas, como&hellip;<\/p>\n","protected":false},"author":1,"featured_media":2135,"comment_status":"closed","ping_status":"open","sticky":false,"template":"","format":"standard","meta":{"sfsi_plus_gutenberg_text_before_share":"","sfsi_plus_gutenberg_show_text_before_share":"","sfsi_plus_gutenberg_icon_type":"","sfsi_plus_gutenberg_icon_alignemt":"","sfsi_plus_gutenburg_max_per_row":"","footnotes":""},"categories":[6,10,1],"tags":[],"class_list":["post-2134","post","type-post","status-publish","format-standard","has-post-thumbnail","hentry","category-sao_paulo","category-destaques","category-noticias"],"_links":{"self":[{"href":"https:\/\/noticiasregionais.com.br\/index.php?rest_route=\/wp\/v2\/posts\/2134","targetHints":{"allow":["GET"]}}],"collection":[{"href":"https:\/\/noticiasregionais.com.br\/index.php?rest_route=\/wp\/v2\/posts"}],"about":[{"href":"https:\/\/noticiasregionais.com.br\/index.php?rest_route=\/wp\/v2\/types\/post"}],"author":[{"embeddable":true,"href":"https:\/\/noticiasregionais.com.br\/index.php?rest_route=\/wp\/v2\/users\/1"}],"replies":[{"embeddable":true,"href":"https:\/\/noticiasregionais.com.br\/index.php?rest_route=%2Fwp%2Fv2%2Fcomments&post=2134"}],"version-history":[{"count":1,"href":"https:\/\/noticiasregionais.com.br\/index.php?rest_route=\/wp\/v2\/posts\/2134\/revisions"}],"predecessor-version":[{"id":2136,"href":"https:\/\/noticiasregionais.com.br\/index.php?rest_route=\/wp\/v2\/posts\/2134\/revisions\/2136"}],"wp:featuredmedia":[{"embeddable":true,"href":"https:\/\/noticiasregionais.com.br\/index.php?rest_route=\/wp\/v2\/media\/2135"}],"wp:attachment":[{"href":"https:\/\/noticiasregionais.com.br\/index.php?rest_route=%2Fwp%2Fv2%2Fmedia&parent=2134"}],"wp:term":[{"taxonomy":"category","embeddable":true,"href":"https:\/\/noticiasregionais.com.br\/index.php?rest_route=%2Fwp%2Fv2%2Fcategories&post=2134"},{"taxonomy":"post_tag","embeddable":true,"href":"https:\/\/noticiasregionais.com.br\/index.php?rest_route=%2Fwp%2Fv2%2Ftags&post=2134"}],"curies":[{"name":"wp","href":"https:\/\/api.w.org\/{rel}","templated":true}]}}