{"id":2137,"date":"2024-02-26T09:27:16","date_gmt":"2024-02-26T12:27:16","guid":{"rendered":"https:\/\/noticiasregionais.com.br\/?p=2137"},"modified":"2024-02-26T09:27:28","modified_gmt":"2024-02-26T12:27:28","slug":"ato-a-favor-de-bolsonaro-reune-milhares-de-apoiadores-na-avenida-paulista","status":"publish","type":"post","link":"https:\/\/noticiasregionais.com.br\/?p=2137","title":{"rendered":"Ato a favor de Bolsonaro re\u00fane milhares de apoiadores na Avenida Paulista"},"content":{"rendered":"\n<p class=\"has-text-align-center\"><strong>Durante discurso, o ex-presidente fez um balan\u00e7o do seu governo, pediu anistia aos presos de 8 de janeiro e negou acusa\u00e7\u00f5es de tentativa de golpe<\/strong><\/p>\n\n\n\n<p>O ato a favor do ex-presidente Jair Bolsonaro, ocorrido na Avenida Paulista, em S\u00e3o Paulo (SP),&nbsp;neste domingo (25), foi marcado por movimenta\u00e7\u00e3o intensa de apoiadores do ex-presidente. A manifesta\u00e7\u00e3o reuniu concentra\u00e7\u00e3o de p\u00fablico, deputados federais, senadores e governadores. Milhares de pessoas ocuparam seis quarteir\u00f5es da avenida &#8211; organizadores esperavam a presen\u00e7a de cerca de 700 mil manifestantes.<\/p>\n\n\n\n<p>Em um discurso de quase 20 minutos, o ex-presidente relembrou a sua trajet\u00f3ria na pol\u00edtica brasileira, o atentado a faca sofrido em 2018, e fez um balan\u00e7o de seu governo.<\/p>\n\n\n\n<p>Segundo Bolsonaro, o evento deste domingo representa uma &#8220;fotografia para o mundo&#8221; de sua popularidade. Bolsonaro disse ainda que tem levado &#8220;pancadas&#8221; e que ainda sofre persegui\u00e7\u00e3o, mesmo ap\u00f3s o mandato.&nbsp;<\/p>\n\n\n\n<p>O ex-presidente pediu anistia aos presos de 8 de janeiro e negou acusa\u00e7\u00f5es de tentativa de golpe.<\/p>\n\n\n\n<p>\u201cO que \u00e9 golpe? Golpe \u00e9 tanque na rua. \u00c9 arma. \u00c9 conspira\u00e7\u00e3o. Nada disso foi feito no Brasil.&nbsp;Agora, o golpe \u00e9 porque tem uma minuta de um decreto de estado de defesa. Golpe usando a Constitui\u00e7\u00e3o? Tenham a paci\u00eancia\u201d, disse.<\/p>\n\n\n\n<p>A ex-primeira dama Michelle Bolsonaro abriu os discursos por volta das 15h, em trio em frente ao Masp (Museu de Arte de S\u00e3o Paulo). Em seguida, discursaram apoiadores os deputados federais Gustavo Gayer (PL-GO) e Nikolas Ferreira (PL-MG), e o senador Magno Malta (PL-ES).<\/p>\n\n\n\n<p>O evento reuniu quatro governadores aliados do ex-presidente: Tarc\u00edsio de Freitas (Republicanos), de S\u00e3o Paulo, Ronaldo Caiado (Uni\u00e3o Brasil), de Goi\u00e1s, Romeu Zema (Novo), de Minas Gerais, e Jorginho Mello (PL), de Santa Catarina.&nbsp;<\/p>\n\n\n\n<p>A vice-governadora do Distrito Federal, Celina Le\u00e3o (PP-DF), os senadores<br>Marcos Pontes (PL-SP) e Fl\u00e1vio Bolsonaro (PL-RJ), e os deputados Pedro Lupion (PP-PR) e Carla Zambelli (PL-SP) marcaram presen\u00e7a.&nbsp;<\/p>\n\n\n\n<p>Tarc\u00edsio de Freitas tamb\u00e9m discursou. O governador de S\u00e3o Paulo relembrou os feitos do governo Bolsonaro, como o Aux\u00edlio-Emergencial, e mundan\u00e7as ocorridas ao longo da gest\u00e3o passada, como o Marco Legal do Saneamento B\u00e1sico. O chefe do executivo paulista afirmou que Bolsonaro representa um movimento a favor da fam\u00edlia, p\u00e1tria e liberdade.<\/p>\n\n\n\n<p>\u201cMeu amigo Bolsonaro, voc\u00ea n\u00e3o \u00e9 mais um CPF, voc\u00ea n\u00e3o \u00e9 mais uma pessoa. Voc\u00ea representa o movimento. Voc\u00ea representa todos eles que descobriram que vale a pena brigar pela fam\u00edlia, que vale a pena brigar pela p\u00e1tria, que vale a pena brigar pela liberdade. Voc\u00ea nos ensinou valores, voc\u00ea nos mostrou o caminho e por isso, nesse dia, a \u00fanica coisa que a gente pode dizer \u00e9 muito obrigado, Bolsonaro. N\u00f3s sempre estaremos juntos\u201d.&nbsp;<\/p>\n\n\n\n<p>Al\u00e9m da manifesta\u00e7\u00e3o em S\u00e3o Paulo, apoiadores de Bolsonaro realizaram atos em Bras\u00edlia e no Rio de Janeiro.<\/p>\n\n\n\n<h2 class=\"wp-block-heading\">Investiga\u00e7\u00e3o<\/h2>\n\n\n\n<p>A manifesta\u00e7\u00e3o convocada por Jair Bolsonaro surge em resposta \u00e0 opera\u00e7\u00e3o da Pol\u00edcia Federal que investiga alega\u00e7\u00f5es de uma suposta tentativa de golpe de estado. Ato aconteceu tr\u00eas dias ap\u00f3s o depoimento do ex-presidente \u00e0 PF. Durante depoimento, Bolsonaro permaneceu em sil\u00eancio e alegou&nbsp;falta de acesso aos documentos da investiga\u00e7\u00e3o.&nbsp;<br>&nbsp;<\/p>\n\n\n\n<p>Fonte: <a href=\"https:\/\/brasil61.com\/n\/ato-a-favor-de-bolsonaro-reune-milhares-de-apoiadores-na-avenida-paulista-bras2411061\" target=\"_blank\" rel=\"noreferrer noopener\">Brasil 61<\/a><\/p>\n<input type=\"hidden\" id=\"baseurl\" value=\"https:\/\/noticiasregionais.com.br\"><input type=\"hidden\" id=\"audio_nonce\" value=\"533fbb67b1\">","protected":false},"excerpt":{"rendered":"<p>Durante discurso, o ex-presidente fez um balan\u00e7o do seu governo, pediu anistia aos presos de 8 de janeiro e negou&hellip;<\/p>\n","protected":false},"author":1,"featured_media":2138,"comment_status":"closed","ping_status":"open","sticky":false,"template":"","format":"standard","meta":{"sfsi_plus_gutenberg_text_before_share":"","sfsi_plus_gutenberg_show_text_before_share":"","sfsi_plus_gutenberg_icon_type":"","sfsi_plus_gutenberg_icon_alignemt":"","sfsi_plus_gutenburg_max_per_row":"","footnotes":""},"categories":[8,12,1],"tags":[],"class_list":["post-2137","post","type-post","status-publish","format-standard","has-post-thumbnail","hentry","category-brasil","category-capa","category-noticias"],"_links":{"self":[{"href":"https:\/\/noticiasregionais.com.br\/index.php?rest_route=\/wp\/v2\/posts\/2137","targetHints":{"allow":["GET"]}}],"collection":[{"href":"https:\/\/noticiasregionais.com.br\/index.php?rest_route=\/wp\/v2\/posts"}],"about":[{"href":"https:\/\/noticiasregionais.com.br\/index.php?rest_route=\/wp\/v2\/types\/post"}],"author":[{"embeddable":true,"href":"https:\/\/noticiasregionais.com.br\/index.php?rest_route=\/wp\/v2\/users\/1"}],"replies":[{"embeddable":true,"href":"https:\/\/noticiasregionais.com.br\/index.php?rest_route=%2Fwp%2Fv2%2Fcomments&post=2137"}],"version-history":[{"count":1,"href":"https:\/\/noticiasregionais.com.br\/index.php?rest_route=\/wp\/v2\/posts\/2137\/revisions"}],"predecessor-version":[{"id":2139,"href":"https:\/\/noticiasregionais.com.br\/index.php?rest_route=\/wp\/v2\/posts\/2137\/revisions\/2139"}],"wp:featuredmedia":[{"embeddable":true,"href":"https:\/\/noticiasregionais.com.br\/index.php?rest_route=\/wp\/v2\/media\/2138"}],"wp:attachment":[{"href":"https:\/\/noticiasregionais.com.br\/index.php?rest_route=%2Fwp%2Fv2%2Fmedia&parent=2137"}],"wp:term":[{"taxonomy":"category","embeddable":true,"href":"https:\/\/noticiasregionais.com.br\/index.php?rest_route=%2Fwp%2Fv2%2Fcategories&post=2137"},{"taxonomy":"post_tag","embeddable":true,"href":"https:\/\/noticiasregionais.com.br\/index.php?rest_route=%2Fwp%2Fv2%2Ftags&post=2137"}],"curies":[{"name":"wp","href":"https:\/\/api.w.org\/{rel}","templated":true}]}}