{"id":214,"date":"2023-09-05T09:12:36","date_gmt":"2023-09-05T12:12:36","guid":{"rendered":"https:\/\/noticiasregionais.com.br\/?p=214"},"modified":"2023-09-05T09:12:36","modified_gmt":"2023-09-05T12:12:36","slug":"caminhao-cai-de-pontilhao-proximo-a-cidade-de-santa-cruz-do-rio-pardo","status":"publish","type":"post","link":"https:\/\/noticiasregionais.com.br\/?p=214","title":{"rendered":"Caminh\u00e3o cai de pontilh\u00e3o pr\u00f3ximo a cidade de Santa Cruz do Rio Pardo"},"content":{"rendered":"\n<p>Na manh\u00e3 desta ter\u00e7a-feira, 05 de setembro de 2023, um caminh\u00e3o carregado com frutas despencou de um pontilh\u00e3o na Rodovia Jo\u00e3o Batista de Cabral Reno SP-225, no quil\u00f4metro 302, deixando o motorista ferido e causando um grande derramamento de carga.<\/p>\n\n\n\n<p>O incidente ocorreu por volta das 8h30 da manh\u00e3 e mobilizou imediatamente a Pol\u00edcia Militar Rodovi\u00e1ria Estadual de Ourinhos, que se deslocou para o local do acidente para prestar os primeiros socorros e controlar o tr\u00e1fego na rodovia.<\/p>\n\n\n\n<p>Segundo informa\u00e7\u00f5es preliminares, o motorista do caminh\u00e3o, identificado como R. P. A., de 20 anos, natural de Friburgo, Santa Catarina, perdeu o controle do ve\u00edculo em circunst\u00e2ncias ainda n\u00e3o esclarecidas. O caminh\u00e3o, um Volvo 270 de cor branca, atravessou a pista e colidiu violentamente com o guard rail do pontilh\u00e3o, o que resultou na queda do ve\u00edculo de uma altura consider\u00e1vel.<\/p>\n\n\n\n<p>A carga, composta por frutas diversas, se espalhou pela pista, criando uma situa\u00e7\u00e3o de risco tanto para os socorristas quanto para os demais motoristas que transitavam na rodovia naquele momento. As equipes de resgate agiram rapidamente para socorrer o condutor do caminh\u00e3o, que ficou gravemente ferido no acidente. O motorista foi imediatamente encaminhado para a Santa Casa da cidade de Santa Cruz do Rio Pardo, onde recebe atendimento m\u00e9dico e passa por avalia\u00e7\u00f5es mais detalhadas para determinar a extens\u00e3o de seus ferimentos.<\/p>\n\n\n\n<p>O tr\u00e2nsito na Rodovia Jo\u00e3o Batista de Cabral Reno SP-225 foi temporariamente interrompido para a remo\u00e7\u00e3o do caminh\u00e3o acidentado e a limpeza da pista, que ficou coberta de frutas e destro\u00e7os. As autoridades trabalham para restabelecer a normalidade na rodovia e investigar as causas exatas do acidente.<\/p>\n<input type=\"hidden\" id=\"baseurl\" value=\"https:\/\/noticiasregionais.com.br\"><input type=\"hidden\" id=\"audio_nonce\" value=\"533fbb67b1\">","protected":false},"excerpt":{"rendered":"<p>Na manh\u00e3 desta ter\u00e7a-feira, 05 de setembro de 2023, um caminh\u00e3o carregado com frutas despencou de um pontilh\u00e3o na Rodovia&hellip;<\/p>\n","protected":false},"author":1,"featured_media":215,"comment_status":"closed","ping_status":"open","sticky":false,"template":"","format":"standard","meta":{"sfsi_plus_gutenberg_text_before_share":"","sfsi_plus_gutenberg_show_text_before_share":"","sfsi_plus_gutenberg_icon_type":"","sfsi_plus_gutenberg_icon_alignemt":"","sfsi_plus_gutenburg_max_per_row":"","footnotes":""},"categories":[12,1,6],"tags":[],"class_list":["post-214","post","type-post","status-publish","format-standard","has-post-thumbnail","hentry","category-capa","category-noticias","category-sao_paulo"],"_links":{"self":[{"href":"https:\/\/noticiasregionais.com.br\/index.php?rest_route=\/wp\/v2\/posts\/214","targetHints":{"allow":["GET"]}}],"collection":[{"href":"https:\/\/noticiasregionais.com.br\/index.php?rest_route=\/wp\/v2\/posts"}],"about":[{"href":"https:\/\/noticiasregionais.com.br\/index.php?rest_route=\/wp\/v2\/types\/post"}],"author":[{"embeddable":true,"href":"https:\/\/noticiasregionais.com.br\/index.php?rest_route=\/wp\/v2\/users\/1"}],"replies":[{"embeddable":true,"href":"https:\/\/noticiasregionais.com.br\/index.php?rest_route=%2Fwp%2Fv2%2Fcomments&post=214"}],"version-history":[{"count":1,"href":"https:\/\/noticiasregionais.com.br\/index.php?rest_route=\/wp\/v2\/posts\/214\/revisions"}],"predecessor-version":[{"id":216,"href":"https:\/\/noticiasregionais.com.br\/index.php?rest_route=\/wp\/v2\/posts\/214\/revisions\/216"}],"wp:featuredmedia":[{"embeddable":true,"href":"https:\/\/noticiasregionais.com.br\/index.php?rest_route=\/wp\/v2\/media\/215"}],"wp:attachment":[{"href":"https:\/\/noticiasregionais.com.br\/index.php?rest_route=%2Fwp%2Fv2%2Fmedia&parent=214"}],"wp:term":[{"taxonomy":"category","embeddable":true,"href":"https:\/\/noticiasregionais.com.br\/index.php?rest_route=%2Fwp%2Fv2%2Fcategories&post=214"},{"taxonomy":"post_tag","embeddable":true,"href":"https:\/\/noticiasregionais.com.br\/index.php?rest_route=%2Fwp%2Fv2%2Ftags&post=214"}],"curies":[{"name":"wp","href":"https:\/\/api.w.org\/{rel}","templated":true}]}}