{"id":2147,"date":"2024-02-26T15:45:29","date_gmt":"2024-02-26T18:45:29","guid":{"rendered":"https:\/\/noticiasregionais.com.br\/?p=2147"},"modified":"2024-02-26T15:45:40","modified_gmt":"2024-02-26T18:45:40","slug":"casal-e-preso-com-drogas-e-dinheiro-em-cambara","status":"publish","type":"post","link":"https:\/\/noticiasregionais.com.br\/?p=2147","title":{"rendered":"Casal \u00e9 preso com drogas e dinheiro em Cambar\u00e1"},"content":{"rendered":"\n<p>Policiais militares do 2\u00ba Batalh\u00e3o de Pol\u00edcia Militar (2\u00ba BPM) prenderam um casal em flagrante por tr\u00e1fico de drogas na manh\u00e3 de quinta-feira (23), na Rua Fel\u00edcio Frediani, no Conjunto Habitacional da Cohapar, em Cambar\u00e1. As informa\u00e7\u00f5es foram mantidas em sigilo at\u00e9 a manh\u00e3 de hoje (26) para n\u00e3o atrapanhar as investiga\u00e7\u00f5es.<\/p>\n\n\n\n<p>A a\u00e7\u00e3o aconteceu ap\u00f3s a equipe receber diversas den\u00fancias sobre a venda de entorpecentes em duas resid\u00eancias na regi\u00e3o. Com um mandado de busca e apreens\u00e3o em m\u00e3os, os policiais realizaram a opera\u00e7\u00e3o.<\/p>\n\n\n\n<p>Na primeira casa, nada de il\u00edcito foi encontrado. J\u00e1 na segunda, os policiais localizaram com o casal 11 por\u00e7\u00f5es de crack e R$ 940,00 em dinheiro. Em buscas no lado externo da resid\u00eancia, foram encontrados mais 11 por\u00e7\u00f5es de crack, seis pinos de coca\u00edna e nove pinos vazios.<\/p>\n\n\n\n<p>Diante dos fatos, o casal foi preso em flagrante e encaminhado \u00e0 Delegacia de Pol\u00edcia Civil para as devidas provid\u00eancias.<\/p>\n\n\n\n<p><strong>Combate ao tr\u00e1fico de drogas<\/strong><\/p>\n\n\n\n<p>A a\u00e7\u00e3o faz parte das medidas que a Pol\u00edcia Militar vem tomando para coibir o tr\u00e1fico de drogas em Cambar\u00e1 e regi\u00e3o. A corpora\u00e7\u00e3o refor\u00e7a a import\u00e2ncia da participa\u00e7\u00e3o da comunidade no combate a esse crime.<\/p>\n\n\n\n<p><strong>Den\u00fancias<\/strong><\/p>\n\n\n\n<p>Qualquer pessoa pode denunciar atividades suspeitas de tr\u00e1fico de drogas pelo telefone 181 da Pol\u00edcia Militar ou pelo Disque Den\u00fancia 180. As den\u00fancias podem ser feitas de forma an\u00f4nima.<\/p>\n\n\n\n<p><\/p>\n<input type=\"hidden\" id=\"baseurl\" value=\"https:\/\/noticiasregionais.com.br\"><input type=\"hidden\" id=\"audio_nonce\" value=\"533fbb67b1\">","protected":false},"excerpt":{"rendered":"<p>Policiais militares do 2\u00ba Batalh\u00e3o de Pol\u00edcia Militar (2\u00ba BPM) prenderam um casal em flagrante por tr\u00e1fico de drogas na&hellip;<\/p>\n","protected":false},"author":1,"featured_media":2148,"comment_status":"closed","ping_status":"open","sticky":false,"template":"","format":"standard","meta":{"sfsi_plus_gutenberg_text_before_share":"","sfsi_plus_gutenberg_show_text_before_share":"","sfsi_plus_gutenberg_icon_type":"","sfsi_plus_gutenberg_icon_alignemt":"","sfsi_plus_gutenburg_max_per_row":"","footnotes":""},"categories":[7,10,1],"tags":[],"class_list":["post-2147","post","type-post","status-publish","format-standard","has-post-thumbnail","hentry","category-parana","category-destaques","category-noticias"],"_links":{"self":[{"href":"https:\/\/noticiasregionais.com.br\/index.php?rest_route=\/wp\/v2\/posts\/2147","targetHints":{"allow":["GET"]}}],"collection":[{"href":"https:\/\/noticiasregionais.com.br\/index.php?rest_route=\/wp\/v2\/posts"}],"about":[{"href":"https:\/\/noticiasregionais.com.br\/index.php?rest_route=\/wp\/v2\/types\/post"}],"author":[{"embeddable":true,"href":"https:\/\/noticiasregionais.com.br\/index.php?rest_route=\/wp\/v2\/users\/1"}],"replies":[{"embeddable":true,"href":"https:\/\/noticiasregionais.com.br\/index.php?rest_route=%2Fwp%2Fv2%2Fcomments&post=2147"}],"version-history":[{"count":1,"href":"https:\/\/noticiasregionais.com.br\/index.php?rest_route=\/wp\/v2\/posts\/2147\/revisions"}],"predecessor-version":[{"id":2149,"href":"https:\/\/noticiasregionais.com.br\/index.php?rest_route=\/wp\/v2\/posts\/2147\/revisions\/2149"}],"wp:featuredmedia":[{"embeddable":true,"href":"https:\/\/noticiasregionais.com.br\/index.php?rest_route=\/wp\/v2\/media\/2148"}],"wp:attachment":[{"href":"https:\/\/noticiasregionais.com.br\/index.php?rest_route=%2Fwp%2Fv2%2Fmedia&parent=2147"}],"wp:term":[{"taxonomy":"category","embeddable":true,"href":"https:\/\/noticiasregionais.com.br\/index.php?rest_route=%2Fwp%2Fv2%2Fcategories&post=2147"},{"taxonomy":"post_tag","embeddable":true,"href":"https:\/\/noticiasregionais.com.br\/index.php?rest_route=%2Fwp%2Fv2%2Ftags&post=2147"}],"curies":[{"name":"wp","href":"https:\/\/api.w.org\/{rel}","templated":true}]}}