{"id":2150,"date":"2024-02-27T09:14:04","date_gmt":"2024-02-27T12:14:04","guid":{"rendered":"https:\/\/noticiasregionais.com.br\/?p=2150"},"modified":"2024-02-27T09:14:15","modified_gmt":"2024-02-27T12:14:15","slug":"fpm-prefeituras-recebem-total-de-r-38-bi-no-3o-decendio","status":"publish","type":"post","link":"https:\/\/noticiasregionais.com.br\/?p=2150","title":{"rendered":"FPM: prefeituras recebem total de R$ 3,8 bi no 3\u00ba dec\u00eandio"},"content":{"rendered":"\n<p class=\"has-text-align-center\"><strong>Aumento na arrecada\u00e7\u00e3o \u00e9 fundamental para repasses mais altos aos munic\u00edpios, diz consultor<\/strong><\/p>\n\n\n\n<p>No pagamento do 3\u00ba dec\u00eandio de fevereiro do Fundo de Participa\u00e7\u00e3o dos Munic\u00edpios (FPM) ser\u00e3o distribu\u00eddos R$ 3.863.786.119,34 entre as cidades brasileiras. O valor ser\u00e1 creditado nesta quinta-feira (29).&nbsp;<\/p>\n\n\n\n<p>O consultor de or\u00e7amento C\u00e9sar Lima afirma que o valor indica uma tend\u00eancia de alta para os pr\u00f3ximos repasses.&nbsp;<\/p>\n\n\n\n<p>\u201cUm aumento expressivo em rela\u00e7\u00e3o ao mesmo per\u00edodo do ano passado, cerca de 26%. N\u00e3o foi maior do que o terceiro dec\u00eandio de janeiro, que foi bem expressivo, porque tivemos as vendas de Natal, in\u00edcio de ano, essas coisas, mas esse est\u00e1 com um crescimento bem expressivo em rela\u00e7\u00e3o ao ano passado\u201d, analisa.&nbsp;<\/p>\n\n\n\n<p>O motivo para esse aumento \u00e9 a alta tamb\u00e9m na arrecada\u00e7\u00e3o, j\u00e1 que os recursos do FPM v\u00eam dos impostos arrecadados pelos governo federal e distribu\u00eddo entre os munic\u00edpios conforme a popula\u00e7\u00e3o. O c\u00e1lculo dos valores de cada um \u00e9 feito pelo Tribunal de Contas da Uni\u00e3o (TCU) com base na quantidade de habitantes de cada cidade e na renda <em>per capita<\/em> de cada estado.&nbsp;<\/p>\n\n\n\n<p>O Nordeste \u00e9 a regi\u00e3o que recebe a maior parcela neste dec\u00eandio para as cidades do interior: R$ 1,1 bilh\u00e3o. Em seguida vem o Sudeste, com pouco mais de R$ 1 bilh\u00e3o; o Sul, com R$ 627 milh\u00f5es; o Centro-Oeste (R$ 237 mi) e o Norte (R$ 235 mi).<\/p>\n\n\n\n<h2 class=\"wp-block-heading\">Import\u00e2ncia do recurso<\/h2>\n\n\n\n<p>O prefeito de An\u00e1polis, em Goi\u00e1s, Roberto Naves, diz que os valores do FPM s\u00e3o essenciais, mesmo havendo uma arrecada\u00e7\u00e3o forte em rela\u00e7\u00e3o aos tributos municipais, como ISS e IPTU.&nbsp;<\/p>\n\n\n\n<p>\u201c\u00c9 um recurso importante para que a gente toque as pol\u00edticas p\u00fablicas que definimos desde o in\u00edcio do nosso mandato, com investimentos em educa\u00e7\u00e3o, cultura, esporte, sa\u00fade, infraestrutura e outras \u00e1reas da administra\u00e7\u00e3o\u201d, afirma.&nbsp;<\/p>\n\n\n\n<p>O prefeito ressalta que com as quedas no FPM no ano passado foi necess\u00e1rio corte de despesas e ajuste fiscal para n\u00e3o ficar no vermelho.&nbsp;<\/p>\n\n\n\n<p>\u201cN\u00f3s tivemos uma redu\u00e7\u00e3o de 2% nos repasses do FPM somente no 3\u00ba quadrimestre de 2023. \u00c9 uma queda superior a R$ 3 milh\u00f5es nos \u00faltimos quatro meses do ano passado. Nosso trabalho, por\u00e9m, foi capaz de elevar a arrecada\u00e7\u00e3o de tributos municipais para sanar um pouco desse d\u00e9ficit que, somado \u00e0 queda do ICMS, foi de 10%\u201d, explica Naves.&nbsp;<\/p>\n\n\n\n<p>As prefeituras recebem os recursos referentes ao FPM a cada tr\u00eas vezes por m\u00eas, nos dias 10, 20 e 30.&nbsp;<\/p>\n\n\n\n<h2 class=\"wp-block-heading\">Confira no mapa quanto a sua cidade vai receber<\/h2>\n\n\n\n<figure class=\"wp-block-image\"><a href=\"https:\/\/brasil61.com\/widgets\/mapa\/230\" target=\"_blank\" rel=\"noreferrer noopener\"><img decoding=\"async\" src=\"https:\/\/brasil61.s3.us-west-2.amazonaws.com\/img\/FPM.png\" alt=\"\"\/><\/a><\/figure>\n\n\n\n<p>Fonte: <a href=\"https:\/\/brasil61.com\/n\/fpm-prefeituras-recebem-total-de-r-3-8-bi-no-3-decendio-bras2411070?email=fxmendes2012@gmail.com&amp;utm_source=newsletter&amp;utm_medium=newsletter&amp;utm_campaign=newsletter\" target=\"_blank\" rel=\"noreferrer noopener\">Brasil 61<\/a><\/p>\n<input type=\"hidden\" id=\"baseurl\" value=\"https:\/\/noticiasregionais.com.br\"><input type=\"hidden\" id=\"audio_nonce\" value=\"533fbb67b1\">","protected":false},"excerpt":{"rendered":"<p>Aumento na arrecada\u00e7\u00e3o \u00e9 fundamental para repasses mais altos aos munic\u00edpios, diz consultor No pagamento do 3\u00ba dec\u00eandio de fevereiro&hellip;<\/p>\n","protected":false},"author":1,"featured_media":2151,"comment_status":"closed","ping_status":"open","sticky":false,"template":"","format":"standard","meta":{"sfsi_plus_gutenberg_text_before_share":"","sfsi_plus_gutenberg_show_text_before_share":"","sfsi_plus_gutenberg_icon_type":"","sfsi_plus_gutenberg_icon_alignemt":"","sfsi_plus_gutenburg_max_per_row":"","footnotes":""},"categories":[8,10,1],"tags":[],"class_list":["post-2150","post","type-post","status-publish","format-standard","has-post-thumbnail","hentry","category-brasil","category-destaques","category-noticias"],"_links":{"self":[{"href":"https:\/\/noticiasregionais.com.br\/index.php?rest_route=\/wp\/v2\/posts\/2150","targetHints":{"allow":["GET"]}}],"collection":[{"href":"https:\/\/noticiasregionais.com.br\/index.php?rest_route=\/wp\/v2\/posts"}],"about":[{"href":"https:\/\/noticiasregionais.com.br\/index.php?rest_route=\/wp\/v2\/types\/post"}],"author":[{"embeddable":true,"href":"https:\/\/noticiasregionais.com.br\/index.php?rest_route=\/wp\/v2\/users\/1"}],"replies":[{"embeddable":true,"href":"https:\/\/noticiasregionais.com.br\/index.php?rest_route=%2Fwp%2Fv2%2Fcomments&post=2150"}],"version-history":[{"count":1,"href":"https:\/\/noticiasregionais.com.br\/index.php?rest_route=\/wp\/v2\/posts\/2150\/revisions"}],"predecessor-version":[{"id":2152,"href":"https:\/\/noticiasregionais.com.br\/index.php?rest_route=\/wp\/v2\/posts\/2150\/revisions\/2152"}],"wp:featuredmedia":[{"embeddable":true,"href":"https:\/\/noticiasregionais.com.br\/index.php?rest_route=\/wp\/v2\/media\/2151"}],"wp:attachment":[{"href":"https:\/\/noticiasregionais.com.br\/index.php?rest_route=%2Fwp%2Fv2%2Fmedia&parent=2150"}],"wp:term":[{"taxonomy":"category","embeddable":true,"href":"https:\/\/noticiasregionais.com.br\/index.php?rest_route=%2Fwp%2Fv2%2Fcategories&post=2150"},{"taxonomy":"post_tag","embeddable":true,"href":"https:\/\/noticiasregionais.com.br\/index.php?rest_route=%2Fwp%2Fv2%2Ftags&post=2150"}],"curies":[{"name":"wp","href":"https:\/\/api.w.org\/{rel}","templated":true}]}}