{"id":2160,"date":"2024-02-28T12:05:24","date_gmt":"2024-02-28T15:05:24","guid":{"rendered":"https:\/\/noticiasregionais.com.br\/?p=2160"},"modified":"2024-02-28T12:05:35","modified_gmt":"2024-02-28T15:05:35","slug":"qualifica-sp-prorrogadas-as-inscricoes-para-cursos-gratuitos","status":"publish","type":"post","link":"https:\/\/noticiasregionais.com.br\/?p=2160","title":{"rendered":"Qualifica SP: prorrogadas as inscri\u00e7\u00f5es para cursos gratuitos"},"content":{"rendered":"\n<p class=\"has-text-align-center\"><strong>S\u00e3o 20 op\u00e7\u00f5es de capacita\u00e7\u00e3o em \u00e1reas como Gest\u00e3o e Neg\u00f3cios, Informa\u00e7\u00e3o e Comunica\u00e7\u00e3o, Produ\u00e7\u00e3o Cultural e Design e Tecnologia Automotiva<\/strong><\/p>\n\n\n\n<p>O Governo de S\u00e3o Paulo prorrogou o prazo de inscri\u00e7\u00e3o para 6.155 vagas em cursos gratuitos do Qualifica SP \u201cMeu Primeiro Emprego\u201d, destinados a jovens de 16 a 24 anos, com Ensino Fundamental completo, que querem ingressar no mercado de trabalho.<\/p>\n\n\n\n<p>A a\u00e7\u00e3o da Secretaria de Desenvolvimento Econ\u00f4mico (<a href=\"https:\/\/www.desenvolvimentoeconomico.sp.gov.br\/\" target=\"_blank\" rel=\"noreferrer noopener\">SDE<\/a>) \u00e9 realizada em parceria com o Centro Paula Souza (<a href=\"https:\/\/www.cps.sp.gov.br\/\" target=\"_blank\" rel=\"noreferrer noopener\">CPS<\/a>), \u00f3rg\u00e3o respons\u00e1vel pelas Escolas T\u00e9cnicas (<a href=\"https:\/\/www.cps.sp.gov.br\/etec\/\" target=\"_blank\" rel=\"noreferrer noopener\">Etecs<\/a>) e Faculdades de Tecnologia (<a href=\"https:\/\/www.fatecsp.br\/\" target=\"_blank\" rel=\"noreferrer noopener\">Fatecs<\/a>) do Estado de S\u00e3o Paulo, al\u00e9m de outras institui\u00e7\u00f5es de ensino parceiras. As inscri\u00e7\u00f5es devem ser feitas at\u00e9 3 de mar\u00e7o no site&nbsp;<a href=\"http:\/\/www.qualificasp.sp.gov.br\/\" target=\"_blank\" rel=\"noreferrer noopener\">www.qualificasp.sp.gov.br<\/a>.<\/p>\n\n\n\n<p>Jamile Cristina do Nascimento, de 16 anos, fez parte da \u00faltima turma do curso de Excel Aplicado \u00e0 \u00c1rea Administrativa<em>,<\/em>&nbsp;na Etec Paulino Botelho, de S\u00e3o Carlos. Ela conta que ficou entusiasmada ao ver suas chances de empregabilidade aumentarem ap\u00f3s participar do Qualifica SP \u201cMeu Primeiro Emprego. \u201cCom essa qualifica\u00e7\u00e3o, consegui um est\u00e1gio na \u00e1rea administrativa da Defensoria P\u00fablica do Estado e tenho certeza de que ser\u00e1 uma \u00f3tima experi\u00eancia para minha carreira profissional\u201d, afirma.<\/p>\n\n\n\n<p>S\u00e3o 20 op\u00e7\u00f5es de cursos, em 83 munic\u00edpios do Estado, em \u00e1reas como Gest\u00e3o e Neg\u00f3cios, Informa\u00e7\u00e3o e Comunica\u00e7\u00e3o, Produ\u00e7\u00e3o Cultural e Design, e Tecnologia Automotiva<strong>.&nbsp;<\/strong>Com dura\u00e7\u00e3o de 120 horas, ao longo de quatro meses, as aulas ter\u00e3o in\u00edcio em mar\u00e7o, no formato presencial.<\/p>\n\n\n\n<p>N\u00e3o \u00e9 necess\u00e1rio realizar processo seletivo. A comunica\u00e7\u00e3o com os inscritos \u00e9 feita unicamente por e-mail, utilizando os dados pessoais informados no cadastro do site.<\/p>\n\n\n\n<p><strong>Cursos oferecidos:<\/strong><\/p>\n\n\n\n<p>Administra\u00e7\u00e3o de Redes Windows<br>Ajudante de Log\u00edstica<br>Aprenda a Programar em C#<br>Auxiliar de Vendas<br>Cria\u00e7\u00e3o de Aplicativos<br>Cria\u00e7\u00e3o de Sites com Marketing Digital<br>Cria\u00e7\u00e3o de Sites e Plataformas Digitais<br>Desenho no AutoCAD<br>Desenvolvimento de E-commerce<br>Desenvolvimento de Software para web e celular<br>Design de Plataforma Digitais e Experi\u00eancia do Usu\u00e1rio<br>Excel Aplicado \u00e0 \u00c1rea Administrativa<br>Gest\u00e3o de Pequenos Neg\u00f3cios<br>Introdu\u00e7\u00e3o a Banco de Dados<br>Introdu\u00e7\u00e3o \u00e0 Rob\u00f3tica Utilizando Ardu\u00edno<br>Jogos Digitais<br>Marketing Digital e Vendas em Redes Sociais<br>Seguran\u00e7a Cibern\u00e9tica Fundamental<br>T\u00e9cnicas de Atendimento<br>Tecnologia e Eletricidade Automotiva<\/p>\n\n\n\n<p><a href=\"https:\/\/bkpsitecpsnew.blob.core.windows.net\/uploadsitecps\/sites\/1\/2024\/02\/Vagas-Qualifica-SP-Meu-Primeiro-Emprego-2024-Geral.xlsx\" target=\"_blank\" rel=\"noreferrer noopener\">Clique aqui<\/a>&nbsp;para conferir vagas e cursos por munic\u00edpio<\/p>\n<input type=\"hidden\" id=\"baseurl\" value=\"https:\/\/noticiasregionais.com.br\"><input type=\"hidden\" id=\"audio_nonce\" value=\"533fbb67b1\">","protected":false},"excerpt":{"rendered":"<p>S\u00e3o 20 op\u00e7\u00f5es de capacita\u00e7\u00e3o em \u00e1reas como Gest\u00e3o e Neg\u00f3cios, Informa\u00e7\u00e3o e Comunica\u00e7\u00e3o, Produ\u00e7\u00e3o Cultural e Design e Tecnologia&hellip;<\/p>\n","protected":false},"author":1,"featured_media":2161,"comment_status":"closed","ping_status":"open","sticky":false,"template":"","format":"standard","meta":{"sfsi_plus_gutenberg_text_before_share":"","sfsi_plus_gutenberg_show_text_before_share":"","sfsi_plus_gutenberg_icon_type":"","sfsi_plus_gutenberg_icon_alignemt":"","sfsi_plus_gutenburg_max_per_row":"","footnotes":""},"categories":[6,10,1],"tags":[],"class_list":["post-2160","post","type-post","status-publish","format-standard","has-post-thumbnail","hentry","category-sao_paulo","category-destaques","category-noticias"],"_links":{"self":[{"href":"https:\/\/noticiasregionais.com.br\/index.php?rest_route=\/wp\/v2\/posts\/2160","targetHints":{"allow":["GET"]}}],"collection":[{"href":"https:\/\/noticiasregionais.com.br\/index.php?rest_route=\/wp\/v2\/posts"}],"about":[{"href":"https:\/\/noticiasregionais.com.br\/index.php?rest_route=\/wp\/v2\/types\/post"}],"author":[{"embeddable":true,"href":"https:\/\/noticiasregionais.com.br\/index.php?rest_route=\/wp\/v2\/users\/1"}],"replies":[{"embeddable":true,"href":"https:\/\/noticiasregionais.com.br\/index.php?rest_route=%2Fwp%2Fv2%2Fcomments&post=2160"}],"version-history":[{"count":1,"href":"https:\/\/noticiasregionais.com.br\/index.php?rest_route=\/wp\/v2\/posts\/2160\/revisions"}],"predecessor-version":[{"id":2162,"href":"https:\/\/noticiasregionais.com.br\/index.php?rest_route=\/wp\/v2\/posts\/2160\/revisions\/2162"}],"wp:featuredmedia":[{"embeddable":true,"href":"https:\/\/noticiasregionais.com.br\/index.php?rest_route=\/wp\/v2\/media\/2161"}],"wp:attachment":[{"href":"https:\/\/noticiasregionais.com.br\/index.php?rest_route=%2Fwp%2Fv2%2Fmedia&parent=2160"}],"wp:term":[{"taxonomy":"category","embeddable":true,"href":"https:\/\/noticiasregionais.com.br\/index.php?rest_route=%2Fwp%2Fv2%2Fcategories&post=2160"},{"taxonomy":"post_tag","embeddable":true,"href":"https:\/\/noticiasregionais.com.br\/index.php?rest_route=%2Fwp%2Fv2%2Ftags&post=2160"}],"curies":[{"name":"wp","href":"https:\/\/api.w.org\/{rel}","templated":true}]}}