{"id":2163,"date":"2024-02-28T12:18:31","date_gmt":"2024-02-28T15:18:31","guid":{"rendered":"https:\/\/noticiasregionais.com.br\/?p=2163"},"modified":"2024-02-28T12:18:43","modified_gmt":"2024-02-28T15:18:43","slug":"secretaria-de-desenvolvimento-economico-e-etec-trazem-carreta-do-qualifica-sp-para-ourinhos","status":"publish","type":"post","link":"https:\/\/noticiasregionais.com.br\/?p=2163","title":{"rendered":"Secretaria de Desenvolvimento Econ\u00f4mico e ETEC trazem carreta do Qualifica SP para Ourinhos"},"content":{"rendered":"\n<p>Numa parceria inovadora, a Prefeitura de Ourinhos, por meio da Secretaria de Desenvolvimento Econ\u00f4mico, Trabalho e Turismo, em conjunto com o Governo do Estado, atrav\u00e9s do Centro Paula Souza e da ETEC Jacinto Ferreira de S\u00e1, conquistaram para Ourinhos a disponibilidade dos cursos de qualifica\u00e7\u00e3o profissional do programa Qualifica SP \u2013 Novo Emprego (antigo Via R\u00e1pida Emprego) por meio das Unidades M\u00f3veis.<\/p>\n\n\n\n<p>O acordo foi oficializado entre o secret\u00e1rio da pasta, Tiago Moreira, o Diretor da ETEC Jacinto Ferreira de S\u00e1, Alexandre Luis Lopes e o professor Denilton Rocha, nesta ter\u00e7a-feira (21). O secret\u00e1rio Tiago encabe\u00e7ou a solicita\u00e7\u00e3o dos cursos de mec\u00e2nica junto ao Estado, em resposta aos apontamentos identificados pela Secretaria junto aos empres\u00e1rios sobre o d\u00e9ficit de m\u00e3o de obra no setor, ressaltando a import\u00e2ncia de Ourinhos sediar a unidade e fornecer \u00e0 popula\u00e7\u00e3o mais oportunidades de capacita\u00e7\u00e3o para aprimorar suas habilidades e ingressar no mercado de trabalho.<\/p>\n\n\n\n<p>\u201cO empenho da gest\u00e3o do Prefeito Lucas Pocay em trazer essa conquista para os ourinhenses visa promover o bem comum, oferecendo mais chances de capacita\u00e7\u00e3o para impulsionar a gera\u00e7\u00e3o de empregos. Expressamos nossa gratid\u00e3o ao Governo do Estado pela parceria, assim como ao Centro Paula Souza, por meio da Etec\u201d, destacou o secret\u00e1rio Tiago.<\/p>\n\n\n\n<p>CURSOS<\/p>\n\n\n\n<p>Ourinhos receber\u00e1 a carreta do Programa Qualifica SP &#8211; Novo Emprego, que disponibilizar\u00e1 tr\u00eas cursos gratuitos de qualifica\u00e7\u00e3o profissional para jovens e adultos em busca de melhores oportunidades de emprego e renda. Os cursos ser\u00e3o ministrados nos turnos da manh\u00e3, tarde e noite e incluem: Mec\u00e2nica Automotiva B\u00e1sica; Mec\u00e2nica de Dire\u00e7\u00e3o Suspens\u00e3o e Freios; e Eletricista de Ve\u00edculos Automotores. Ser\u00e3o oferecidas 20 vagas para cada curso, com carga hor\u00e1ria total de 100 horas durante 20 dias \u00fateis, dentro da carreta totalmente equipada. As aulas ser\u00e3o conduzidas por professores indicados pelo Centro Paula Souza da ETEC Ourinhos.<\/p>\n\n\n\n<p>INSCRI\u00c7\u00c3O<\/p>\n\n\n\n<p>Em breve ser\u00e3o divulgadas informa\u00e7\u00f5es sobre a inscri\u00e7\u00e3o para os cursos de mec\u00e2nica. Mais dados tamb\u00e9m podem ser obtidos na sede da Secretaria de Desenvolvimento Econ\u00f4mico, de segunda-feira a sexta-feira, das 08h \u00e0s 17h, localizada na Rua Cardoso Ribeiro, 290, Centro. Para mais informa\u00e7\u00f5es, entre em contato pelo telefone (14) 3302-1450.<\/p>\n<input type=\"hidden\" id=\"baseurl\" value=\"https:\/\/noticiasregionais.com.br\"><input type=\"hidden\" id=\"audio_nonce\" value=\"533fbb67b1\">","protected":false},"excerpt":{"rendered":"<p>Numa parceria inovadora, a Prefeitura de Ourinhos, por meio da Secretaria de Desenvolvimento Econ\u00f4mico, Trabalho e Turismo, em conjunto com&hellip;<\/p>\n","protected":false},"author":1,"featured_media":2164,"comment_status":"closed","ping_status":"open","sticky":false,"template":"","format":"standard","meta":{"sfsi_plus_gutenberg_text_before_share":"","sfsi_plus_gutenberg_show_text_before_share":"","sfsi_plus_gutenberg_icon_type":"","sfsi_plus_gutenberg_icon_alignemt":"","sfsi_plus_gutenburg_max_per_row":"","footnotes":""},"categories":[5,10,1],"tags":[],"class_list":["post-2163","post","type-post","status-publish","format-standard","has-post-thumbnail","hentry","category-ourinhos","category-destaques","category-noticias"],"_links":{"self":[{"href":"https:\/\/noticiasregionais.com.br\/index.php?rest_route=\/wp\/v2\/posts\/2163","targetHints":{"allow":["GET"]}}],"collection":[{"href":"https:\/\/noticiasregionais.com.br\/index.php?rest_route=\/wp\/v2\/posts"}],"about":[{"href":"https:\/\/noticiasregionais.com.br\/index.php?rest_route=\/wp\/v2\/types\/post"}],"author":[{"embeddable":true,"href":"https:\/\/noticiasregionais.com.br\/index.php?rest_route=\/wp\/v2\/users\/1"}],"replies":[{"embeddable":true,"href":"https:\/\/noticiasregionais.com.br\/index.php?rest_route=%2Fwp%2Fv2%2Fcomments&post=2163"}],"version-history":[{"count":1,"href":"https:\/\/noticiasregionais.com.br\/index.php?rest_route=\/wp\/v2\/posts\/2163\/revisions"}],"predecessor-version":[{"id":2165,"href":"https:\/\/noticiasregionais.com.br\/index.php?rest_route=\/wp\/v2\/posts\/2163\/revisions\/2165"}],"wp:featuredmedia":[{"embeddable":true,"href":"https:\/\/noticiasregionais.com.br\/index.php?rest_route=\/wp\/v2\/media\/2164"}],"wp:attachment":[{"href":"https:\/\/noticiasregionais.com.br\/index.php?rest_route=%2Fwp%2Fv2%2Fmedia&parent=2163"}],"wp:term":[{"taxonomy":"category","embeddable":true,"href":"https:\/\/noticiasregionais.com.br\/index.php?rest_route=%2Fwp%2Fv2%2Fcategories&post=2163"},{"taxonomy":"post_tag","embeddable":true,"href":"https:\/\/noticiasregionais.com.br\/index.php?rest_route=%2Fwp%2Fv2%2Ftags&post=2163"}],"curies":[{"name":"wp","href":"https:\/\/api.w.org\/{rel}","templated":true}]}}