{"id":2166,"date":"2024-02-29T06:59:05","date_gmt":"2024-02-29T09:59:05","guid":{"rendered":"https:\/\/noticiasregionais.com.br\/?p=2166"},"modified":"2024-02-29T07:04:33","modified_gmt":"2024-02-29T10:04:33","slug":"vereador-reitera-solicitacao-de-uma-nova-rua-para-facilitar-o-trafego-na-regiao-do-parque-dos-ipes","status":"publish","type":"post","link":"https:\/\/noticiasregionais.com.br\/?p=2166","title":{"rendered":"Vereador reitera solicita\u00e7\u00e3o de uma nova rua para facilitar o tr\u00e1fego na regi\u00e3o do Parque dos Ip\u00eas em Ourinhos"},"content":{"rendered":"\n<p>Preocupado com a seguran\u00e7a dos pedestres e motoristas, o vereador Gil Carvalho apresentou, durante a 4\u00aa Sess\u00e3o Ordin\u00e1ria, o Requerimento n\u00ba191\/2024 solicitando a constru\u00e7\u00e3o de uma nova rua de acesso entre a linha f\u00e9rrea, interligando a Rua Vit\u00f3rio Christoni, Rua Braz Christoni e a Rua 14 de Julho.<\/p>\n\n\n\n<p>O parlamentar ressaltou que o objetivo \u00e9 facilitar o tr\u00e1fego. \u201cNa verdade, estou reiterando um Requerimento de 2022, pois at\u00e9 o momento n\u00e3o foi realizada nenhuma obra visando a fluidez no tr\u00e2nsito do local. \u00c9 a regi\u00e3o do Parque dos Ip\u00eas, um grande condom\u00ednio com v\u00e1rios apartamentos e muitos ainda para inaugurar. Hoje, o tr\u00e2nsito j\u00e1 est\u00e1 dif\u00edcil, imagine quando estiver tudo pronto\u201d.<\/p>\n\n\n\n<p>Gil ressaltou que a abertura de uma nova rua pode ser feita, j\u00e1 que a linha f\u00e9rrea foi desativada. \u201cPe\u00e7o ao Prefeito e Secret\u00e1rio de Desenvolvimento aten\u00e7\u00e3o urgente a essa situa\u00e7\u00e3o. Quando todos os pr\u00e9dios estiverem prontos e com moradores, a situa\u00e7\u00e3o vai ficar insustent\u00e1vel, pois hoje j\u00e1 est\u00e1 um caos\u201d.<\/p>\n<input type=\"hidden\" id=\"baseurl\" value=\"https:\/\/noticiasregionais.com.br\"><input type=\"hidden\" id=\"audio_nonce\" value=\"533fbb67b1\">","protected":false},"excerpt":{"rendered":"<p>Preocupado com a seguran\u00e7a dos pedestres e motoristas, o vereador Gil Carvalho apresentou, durante a 4\u00aa Sess\u00e3o Ordin\u00e1ria, o Requerimento&hellip;<\/p>\n","protected":false},"author":1,"featured_media":2167,"comment_status":"closed","ping_status":"open","sticky":false,"template":"","format":"standard","meta":{"sfsi_plus_gutenberg_text_before_share":"","sfsi_plus_gutenberg_show_text_before_share":"","sfsi_plus_gutenberg_icon_type":"","sfsi_plus_gutenberg_icon_alignemt":"","sfsi_plus_gutenburg_max_per_row":"","footnotes":""},"categories":[5,10,1],"tags":[],"class_list":["post-2166","post","type-post","status-publish","format-standard","has-post-thumbnail","hentry","category-ourinhos","category-destaques","category-noticias"],"_links":{"self":[{"href":"https:\/\/noticiasregionais.com.br\/index.php?rest_route=\/wp\/v2\/posts\/2166","targetHints":{"allow":["GET"]}}],"collection":[{"href":"https:\/\/noticiasregionais.com.br\/index.php?rest_route=\/wp\/v2\/posts"}],"about":[{"href":"https:\/\/noticiasregionais.com.br\/index.php?rest_route=\/wp\/v2\/types\/post"}],"author":[{"embeddable":true,"href":"https:\/\/noticiasregionais.com.br\/index.php?rest_route=\/wp\/v2\/users\/1"}],"replies":[{"embeddable":true,"href":"https:\/\/noticiasregionais.com.br\/index.php?rest_route=%2Fwp%2Fv2%2Fcomments&post=2166"}],"version-history":[{"count":2,"href":"https:\/\/noticiasregionais.com.br\/index.php?rest_route=\/wp\/v2\/posts\/2166\/revisions"}],"predecessor-version":[{"id":2169,"href":"https:\/\/noticiasregionais.com.br\/index.php?rest_route=\/wp\/v2\/posts\/2166\/revisions\/2169"}],"wp:featuredmedia":[{"embeddable":true,"href":"https:\/\/noticiasregionais.com.br\/index.php?rest_route=\/wp\/v2\/media\/2167"}],"wp:attachment":[{"href":"https:\/\/noticiasregionais.com.br\/index.php?rest_route=%2Fwp%2Fv2%2Fmedia&parent=2166"}],"wp:term":[{"taxonomy":"category","embeddable":true,"href":"https:\/\/noticiasregionais.com.br\/index.php?rest_route=%2Fwp%2Fv2%2Fcategories&post=2166"},{"taxonomy":"post_tag","embeddable":true,"href":"https:\/\/noticiasregionais.com.br\/index.php?rest_route=%2Fwp%2Fv2%2Ftags&post=2166"}],"curies":[{"name":"wp","href":"https:\/\/api.w.org\/{rel}","templated":true}]}}