{"id":217,"date":"2023-09-05T09:29:35","date_gmt":"2023-09-05T12:29:35","guid":{"rendered":"https:\/\/noticiasregionais.com.br\/?p=217"},"modified":"2023-09-05T09:29:35","modified_gmt":"2023-09-05T12:29:35","slug":"forca-tatica-prende-individuo-procurado-da-justica-em-ourinhos","status":"publish","type":"post","link":"https:\/\/noticiasregionais.com.br\/?p=217","title":{"rendered":"For\u00e7a T\u00e1tica prende indiv\u00edduo procurado da justi\u00e7a em Ourinhos"},"content":{"rendered":"\n<p>Uma equipe de For\u00e7a T\u00e1tica do 31\u00ba Batalh\u00e3o de Pol\u00edcia Militar do Interior prendeu, na tarde desta ter\u00e7a-feira (04), um indiv\u00edduo procurado da justi\u00e7a na cidade de Ourinhos.<\/p>\n\n\n\n<p>A pris\u00e3o ocorreu na Vila Boa Esperan\u00e7a, quando a equipe realizava patrulhamento t\u00e1tico pela regi\u00e3o. Os policiais visualizaram um indiv\u00edduo em atitude suspeita e o abordaram.<\/p>\n\n\n\n<p>Durante a abordagem, a equipe realizou uma busca pessoal, por\u00e9m nada de il\u00edcito foi encontrado. No entanto, ao consultar o sistema, os policiais constataram que o indiv\u00edduo possu\u00eda um mandado de pris\u00e3o em seu desfavor.<\/p>\n\n\n\n<p>O indiv\u00edduo, que n\u00e3o teve a sua identidade divulgada, foi apresentado na Central de Pol\u00edcia Judici\u00e1ria de Ourinhos, onde permaneceu preso.<\/p>\n\n\n\n<p>A pris\u00e3o do indiv\u00edduo \u00e9 mais uma a\u00e7\u00e3o da Pol\u00edcia Militar no combate \u00e0 criminalidade em Ourinhos.<\/p>\n<input type=\"hidden\" id=\"baseurl\" value=\"https:\/\/noticiasregionais.com.br\"><input type=\"hidden\" id=\"audio_nonce\" value=\"533fbb67b1\">","protected":false},"excerpt":{"rendered":"<p>Uma equipe de For\u00e7a T\u00e1tica do 31\u00ba Batalh\u00e3o de Pol\u00edcia Militar do Interior prendeu, na tarde desta ter\u00e7a-feira (04), um&hellip;<\/p>\n","protected":false},"author":1,"featured_media":218,"comment_status":"closed","ping_status":"open","sticky":false,"template":"","format":"standard","meta":{"sfsi_plus_gutenberg_text_before_share":"","sfsi_plus_gutenberg_show_text_before_share":"","sfsi_plus_gutenberg_icon_type":"","sfsi_plus_gutenberg_icon_alignemt":"","sfsi_plus_gutenburg_max_per_row":"","footnotes":""},"categories":[12,1,5],"tags":[],"class_list":["post-217","post","type-post","status-publish","format-standard","has-post-thumbnail","hentry","category-capa","category-noticias","category-ourinhos"],"_links":{"self":[{"href":"https:\/\/noticiasregionais.com.br\/index.php?rest_route=\/wp\/v2\/posts\/217","targetHints":{"allow":["GET"]}}],"collection":[{"href":"https:\/\/noticiasregionais.com.br\/index.php?rest_route=\/wp\/v2\/posts"}],"about":[{"href":"https:\/\/noticiasregionais.com.br\/index.php?rest_route=\/wp\/v2\/types\/post"}],"author":[{"embeddable":true,"href":"https:\/\/noticiasregionais.com.br\/index.php?rest_route=\/wp\/v2\/users\/1"}],"replies":[{"embeddable":true,"href":"https:\/\/noticiasregionais.com.br\/index.php?rest_route=%2Fwp%2Fv2%2Fcomments&post=217"}],"version-history":[{"count":1,"href":"https:\/\/noticiasregionais.com.br\/index.php?rest_route=\/wp\/v2\/posts\/217\/revisions"}],"predecessor-version":[{"id":219,"href":"https:\/\/noticiasregionais.com.br\/index.php?rest_route=\/wp\/v2\/posts\/217\/revisions\/219"}],"wp:featuredmedia":[{"embeddable":true,"href":"https:\/\/noticiasregionais.com.br\/index.php?rest_route=\/wp\/v2\/media\/218"}],"wp:attachment":[{"href":"https:\/\/noticiasregionais.com.br\/index.php?rest_route=%2Fwp%2Fv2%2Fmedia&parent=217"}],"wp:term":[{"taxonomy":"category","embeddable":true,"href":"https:\/\/noticiasregionais.com.br\/index.php?rest_route=%2Fwp%2Fv2%2Fcategories&post=217"},{"taxonomy":"post_tag","embeddable":true,"href":"https:\/\/noticiasregionais.com.br\/index.php?rest_route=%2Fwp%2Fv2%2Ftags&post=217"}],"curies":[{"name":"wp","href":"https:\/\/api.w.org\/{rel}","templated":true}]}}