{"id":2177,"date":"2024-02-29T09:42:09","date_gmt":"2024-02-29T12:42:09","guid":{"rendered":"https:\/\/noticiasregionais.com.br\/?p=2177"},"modified":"2024-02-29T09:42:21","modified_gmt":"2024-02-29T12:42:21","slug":"putin-diz-que-ocidente-arrisca-guerra-nuclear-na-ucrania","status":"publish","type":"post","link":"https:\/\/noticiasregionais.com.br\/?p=2177","title":{"rendered":"Putin diz que Ocidente arrisca guerra nuclear na Ucr\u00e2nia"},"content":{"rendered":"\n<p class=\"has-text-align-center\"><strong>O l\u00edder tamb\u00e9m disse que o Ocidente quer &#8216;repetir o truque que foi bem-sucedido nos anos 1980 com a Uni\u00e3o Sovi\u00e9tica&#8217;<\/strong><\/p>\n\n\n\n<p>O presidente da R\u00fassia, Vladimir Putin, acusou nesta quinta (29) o Ocidente de arriscar uma guerra nuclear que &#8220;ir\u00e1 destruir a civiliza\u00e7\u00e3o&#8221; ao sugerir o envio de soldados da alian\u00e7a militar Otan para a Ucr\u00e2nia. O l\u00edder tamb\u00e9m disse que o Ocidente quer &#8220;repetir o truque que foi bem-sucedido nos anos 1980 com a Uni\u00e3o Sovi\u00e9tica&#8221; ao &#8220;tentar nos arrastar para uma corrida armamentista&#8221;. &#8220;Temos de distribuir recursos da forma mais racional poss\u00edvel para construir uma economia eficaz de nossas For\u00e7as Armadas&#8221;, afirmou.<\/p>\n\n\n\n<p>As coloca\u00e7\u00f5es de Putin ocorreram durante seu discurso anual, previsto pela Constitui\u00e7\u00e3o russa, \u00e0 Assembleia Federal (Congresso), em um centro de conven\u00e7\u00f5es no centro de Moscou. Com a elei\u00e7\u00e3o presidencial a menos de um m\u00eas de dist\u00e2ncia, a fala \u00e9 uma esp\u00e9cie de resumo de seus temas de campanha e um roteiro de sua ret\u00f3rica.<\/p>\n\n\n\n<p>Assim, al\u00e9m de falar grosso sobre advers\u00e1rios, boa parte do discurso foi dedicada para assuntos dom\u00e9sticos: incentivos para aumentar a natalidade, dados econ\u00f4micos, programas para a redu\u00e7\u00e3o do alcoolismo, intelig\u00eancia artificial, melhorias para pequenos empres\u00e1rios. Putin ser\u00e1 reeleito, mas para o Kremlin uma boa vota\u00e7\u00e3o e comparecimento \u00e0s urnas \u00e9 essencial para a legitima\u00e7\u00e3o de seu poder.<\/p>\n\n\n\n<p>Mas o tema que permeou a fala foi a Guerra da Ucr\u00e2nia, iniciada por Putin h\u00e1 dois anos, e o confronto com os Estados Unidos e seus aliados. \u00c9 algo que ressoa no eleitorado: o temor de uma guerra com o Ocidente \u00e9 o maior para 55% dos russos, segundo pesquisa divulgada dia 20 pelo Centro Levada, instituto independente.<\/p>\n\n\n\n<p>&#8220;N\u00f3s lembramos do destino de todos que enviaram contingentes ao nosso pa\u00eds&#8221;, afirmou, em refer\u00eancia \u00e0s invas\u00f5es francesa e alem\u00e3 no passado. &#8220;Agora, as consequ\u00eancias para os potenciais interventores s\u00e3o muito mais tr\u00e1gicas. Eles precisam finalmente entender, e eu acabei de falar a eles, que n\u00f3s tamb\u00e9m temos armas que podem destruir alvos nos territ\u00f3rios deles.&#8221;<\/p>\n\n\n\n<p>Foi um recado particular ao presidente franc\u00eas, Emmanuel Macron, que levantou a ideia de ajudar a Ucr\u00e2nia n\u00e3o s\u00f3 com armas, mas com for\u00e7as. &#8220;Eles n\u00e3o entendem que existe o risco de um conflito nuclear?&#8221;, disse. A proposta foi rejeitada por colegas europeus, ciosos da disposi\u00e7\u00e3o russa &#8211;o porta-voz de Putin, Dmitri Peskov, j\u00e1 havia falado na &#8220;inevitabilidade&#8221; de uma guerra com a Otan se isso ocorresse.<\/p>\n\n\n\n<p>A refer\u00eancia \u00e0 corrida armamentista que ajudou a implodir a Uni\u00e3o Sovi\u00e9tica remete \u00e0 obsess\u00e3o hist\u00f3rica de Putin de recolocar a R\u00fassia como pot\u00eancia global. Com efeito, o pa\u00eds entrou em ritmo de economia de guerra ap\u00f3s a invas\u00e3o do vizinho, e hoje um ter\u00e7o de seu investimento federal livre vai para defesa. O gasto militar foi de 4% do PIB em 2023, e pode chegar a 7% neste ano.<\/p>\n\n\n\n<p>O russo aproveitou o bom momento em campo na guerra, que viu mais uma cidade no leste cair para as suas for\u00e7as nesta quinta. &#8220;N\u00f3s estamos com a iniciativa, na ofensiva. N\u00f3s n\u00e3o come\u00e7amos essa guerra, mas faremos tudo para acabar com ela, erradicar o nazismo&#8221;, disse, repetindo o mantra de sua invas\u00e3o.<\/p>\n\n\n\n<p>&#8220;Ganhamos grande experi\u00eancia de combate. Sabemos que ainda temos problemas, mas ao mesmo tempo sabemos o que fazer&#8221;, afirmou, oferecendo um minuto de sil\u00eancio para &#8220;os her\u00f3is ca\u00eddos&#8221; na defesa dos interesses &#8220;das popula\u00e7\u00f5es do Donbass (leste ucraniano) e da Nova R\u00fassia (sul do pa\u00eds)&#8221;, \u00e1reas hoje sob controle parcial do Kremlin.<\/p>\n\n\n\n<p>Ele celebrou tamb\u00e9m os dez anos do que chamou de Primavera Russa, a anexa\u00e7\u00e3o da Crimeia e o in\u00edcio da guerra civil no leste ucraniano. Ao se gabar de capacidades nucleares avan\u00e7adas, disse que o &#8220;torpedo do ju\u00edzo final&#8221; Poseidon est\u00e1 quase pronto para uso.<\/p>\n\n\n\n<p>Confirmou que, al\u00e9m do m\u00edssil bal\u00edstico lan\u00e7ado por ca\u00e7as Kinjal, a R\u00fassia usou na Ucr\u00e2nia outra de suas &#8220;armas invenc\u00edveis&#8221; anunciadas em 2018, o tamb\u00e9m hipers\u00f4nico Tsirkon. Putin come\u00e7ou a falar \u00e0s 12h15 (6h15 em Bras\u00edlia). O discurso sempre \u00e9 muito antecipado: no ano passado, ele acabou com o an\u00fancio da sa\u00edda russa do \u00faltimo acordo de controle de armas nucleares em vigor. Este foi o 19\u00ba discurso feito por Putin, no Kremlin desde o fim de 1999.<\/p>\n\n\n\n<p>O presidente repetiu sua vis\u00e3o de mundo segundo a qual os Brics, bloco do qual o Brasil faz parte, ser\u00e1 vital para a reconstru\u00e7\u00e3o da ordem internacional. &#8220;Em 2028, os Brics, com seus novos membros, ser\u00e3o respons\u00e1veis por 72% do PIB mundial&#8221;, disse.<\/p>\n\n\n\n<p>Defendeu o fim do d\u00f3lar como padr\u00e3o de negocia\u00e7\u00f5es mundiais devido a seu uso pol\u00edtico pelos EUA, posi\u00e7\u00e3o que encontra eco no governo brasileiro. &#8220;O Ocidente desacreditou suas moedas com o regime de san\u00e7\u00f5es&#8221; adotado contra a R\u00fassia devido \u00e0 guerra, que por ora falhou em imobilizar o pa\u00eds.<\/p>\n\n\n\n<p>Como seria previs\u00edvel, nenhuma palavra at\u00e9 aqui acerca de dissenso interno ou a morte do ativista Alexei Navalni na cadeia, ocorrida h\u00e1 duas semanas. O opositor seria enterrado nesta quinta, mas seus aliados disseram n\u00e3o encontrar ningu\u00e9m para fazer o servi\u00e7o devido ao discurso de Putin &#8211;a cerim\u00f4nia ser\u00e1 nesta sexta (1\u00ba).<\/p>\n\n\n\n<p><strong><sub>fonte: Sampi \/ Folhapress<\/sub><\/strong><\/p>\n<input type=\"hidden\" id=\"baseurl\" value=\"https:\/\/noticiasregionais.com.br\"><input type=\"hidden\" id=\"audio_nonce\" value=\"533fbb67b1\">","protected":false},"excerpt":{"rendered":"<p>O l\u00edder tamb\u00e9m disse que o Ocidente quer &#8216;repetir o truque que foi bem-sucedido nos anos 1980 com a Uni\u00e3o&hellip;<\/p>\n","protected":false},"author":1,"featured_media":2178,"comment_status":"closed","ping_status":"open","sticky":false,"template":"","format":"standard","meta":{"sfsi_plus_gutenberg_text_before_share":"","sfsi_plus_gutenberg_show_text_before_share":"","sfsi_plus_gutenberg_icon_type":"","sfsi_plus_gutenberg_icon_alignemt":"","sfsi_plus_gutenburg_max_per_row":"","footnotes":""},"categories":[9,12,1],"tags":[],"class_list":["post-2177","post","type-post","status-publish","format-standard","has-post-thumbnail","hentry","category-mundo","category-capa","category-noticias"],"_links":{"self":[{"href":"https:\/\/noticiasregionais.com.br\/index.php?rest_route=\/wp\/v2\/posts\/2177","targetHints":{"allow":["GET"]}}],"collection":[{"href":"https:\/\/noticiasregionais.com.br\/index.php?rest_route=\/wp\/v2\/posts"}],"about":[{"href":"https:\/\/noticiasregionais.com.br\/index.php?rest_route=\/wp\/v2\/types\/post"}],"author":[{"embeddable":true,"href":"https:\/\/noticiasregionais.com.br\/index.php?rest_route=\/wp\/v2\/users\/1"}],"replies":[{"embeddable":true,"href":"https:\/\/noticiasregionais.com.br\/index.php?rest_route=%2Fwp%2Fv2%2Fcomments&post=2177"}],"version-history":[{"count":1,"href":"https:\/\/noticiasregionais.com.br\/index.php?rest_route=\/wp\/v2\/posts\/2177\/revisions"}],"predecessor-version":[{"id":2179,"href":"https:\/\/noticiasregionais.com.br\/index.php?rest_route=\/wp\/v2\/posts\/2177\/revisions\/2179"}],"wp:featuredmedia":[{"embeddable":true,"href":"https:\/\/noticiasregionais.com.br\/index.php?rest_route=\/wp\/v2\/media\/2178"}],"wp:attachment":[{"href":"https:\/\/noticiasregionais.com.br\/index.php?rest_route=%2Fwp%2Fv2%2Fmedia&parent=2177"}],"wp:term":[{"taxonomy":"category","embeddable":true,"href":"https:\/\/noticiasregionais.com.br\/index.php?rest_route=%2Fwp%2Fv2%2Fcategories&post=2177"},{"taxonomy":"post_tag","embeddable":true,"href":"https:\/\/noticiasregionais.com.br\/index.php?rest_route=%2Fwp%2Fv2%2Ftags&post=2177"}],"curies":[{"name":"wp","href":"https:\/\/api.w.org\/{rel}","templated":true}]}}