{"id":2187,"date":"2024-03-04T11:26:18","date_gmt":"2024-03-04T14:26:18","guid":{"rendered":"https:\/\/noticiasregionais.com.br\/?p=2187"},"modified":"2024-03-04T11:35:34","modified_gmt":"2024-03-04T14:35:34","slug":"dentre-questionamentos-prefeitura-inaugura-centro-de-reabilitacao-e-programa-melhor-em-casa","status":"publish","type":"post","link":"https:\/\/noticiasregionais.com.br\/?p=2187","title":{"rendered":"Questionamentos marcam a inaugura\u00e7\u00e3o do Centro de Reabilita\u00e7\u00e3o e do Programa Melhor em Casa"},"content":{"rendered":"\n<p>Na manh\u00e3 de segunda-feira (26), o Prefeito Lucas Pocay inaugurou o novo Centro de Reabilita\u00e7\u00e3o de Ourinhos e o Programa Melhor em Casa, antigo SAD (Servi\u00e7o de Atendimento Domiciliar).<\/p>\n\n\n\n<p>Ambos os servi\u00e7os est\u00e3o localizados na Avenida Ant\u00f4nio de Almeida Leite.<\/p>\n\n\n\n<p>O local j\u00e1 est\u00e1 em funcionamento e conta com uma equipe completa de profissionais, incluindo fisioterapeutas, psic\u00f3logos, assistentes sociais, m\u00e9dicos e enfermeiros.<\/p>\n\n\n\n<p>O Centro est\u00e1 preparado para atender desde crian\u00e7as at\u00e9 idosos com necessidades de acompanhamento em decorr\u00eancia de condi\u00e7\u00f5es f\u00edsicas ou motoras.<\/p>\n\n\n\n<p>O Centro de Reabilita\u00e7\u00e3o atender\u00e1 casos como:<\/p>\n\n\n\n<p>Paralisia Cerebral sem comprometimento intelectual<br>Sequela Motora<br>Doen\u00e7as Neuromusculares<br>Mielomeningocele<br>Les\u00f5es Medulares<br>Sequelas de Poliomelite<br>Amputa\u00e7\u00f5es<br>Doen\u00e7as Raras Motoras<br>Entre outras condi\u00e7\u00f5es<\/p>\n\n\n\n<p>A contrata\u00e7\u00e3o da ABEDESC como mantenedora do Centro de Reabilita\u00e7\u00e3o gerou pol\u00eamica antes mesmo da inaugura\u00e7\u00e3o, devido ao custo elevado.<\/p>\n\n\n\n<p>A ABEDESC foi contratada sem licita\u00e7\u00e3o por um valor de aproximadamente R$ 9,5 milh\u00f5es para um per\u00edodo de 180 dias.<\/p>\n\n\n\n<p>O valor da contrata\u00e7\u00e3o da ABEDESC \u00e9 quase quatro vezes superior ao antigo conv\u00eanio com a AADF, que prestava o servi\u00e7o at\u00e9 o final de 2023.<\/p>\n\n\n\n<p>Outro ponto controverso \u00e9 que a grande maioria dos profissionais que atuam no Centro de Reabilita\u00e7\u00e3o s\u00e3o ex-funcion\u00e1rios da AADF.<\/p>\n\n\n\n<p>Muitos questionam a necessidade de mudar o local de presta\u00e7\u00e3o dos servi\u00e7os, com custos de aluguel consider\u00e1veis, em vez de aprimorar a estrutura e os valores do antigo conv\u00eanio.<\/p>\n<input type=\"hidden\" id=\"baseurl\" value=\"https:\/\/noticiasregionais.com.br\"><input type=\"hidden\" id=\"audio_nonce\" value=\"533fbb67b1\">","protected":false},"excerpt":{"rendered":"<p>Na manh\u00e3 de segunda-feira (26), o Prefeito Lucas Pocay inaugurou o novo Centro de Reabilita\u00e7\u00e3o de Ourinhos e o Programa&hellip;<\/p>\n","protected":false},"author":1,"featured_media":2188,"comment_status":"closed","ping_status":"open","sticky":false,"template":"","format":"standard","meta":{"sfsi_plus_gutenberg_text_before_share":"","sfsi_plus_gutenberg_show_text_before_share":"","sfsi_plus_gutenberg_icon_type":"","sfsi_plus_gutenberg_icon_alignemt":"","sfsi_plus_gutenburg_max_per_row":"","footnotes":""},"categories":[5,10,1],"tags":[],"class_list":["post-2187","post","type-post","status-publish","format-standard","has-post-thumbnail","hentry","category-ourinhos","category-destaques","category-noticias"],"_links":{"self":[{"href":"https:\/\/noticiasregionais.com.br\/index.php?rest_route=\/wp\/v2\/posts\/2187","targetHints":{"allow":["GET"]}}],"collection":[{"href":"https:\/\/noticiasregionais.com.br\/index.php?rest_route=\/wp\/v2\/posts"}],"about":[{"href":"https:\/\/noticiasregionais.com.br\/index.php?rest_route=\/wp\/v2\/types\/post"}],"author":[{"embeddable":true,"href":"https:\/\/noticiasregionais.com.br\/index.php?rest_route=\/wp\/v2\/users\/1"}],"replies":[{"embeddable":true,"href":"https:\/\/noticiasregionais.com.br\/index.php?rest_route=%2Fwp%2Fv2%2Fcomments&post=2187"}],"version-history":[{"count":2,"href":"https:\/\/noticiasregionais.com.br\/index.php?rest_route=\/wp\/v2\/posts\/2187\/revisions"}],"predecessor-version":[{"id":2191,"href":"https:\/\/noticiasregionais.com.br\/index.php?rest_route=\/wp\/v2\/posts\/2187\/revisions\/2191"}],"wp:featuredmedia":[{"embeddable":true,"href":"https:\/\/noticiasregionais.com.br\/index.php?rest_route=\/wp\/v2\/media\/2188"}],"wp:attachment":[{"href":"https:\/\/noticiasregionais.com.br\/index.php?rest_route=%2Fwp%2Fv2%2Fmedia&parent=2187"}],"wp:term":[{"taxonomy":"category","embeddable":true,"href":"https:\/\/noticiasregionais.com.br\/index.php?rest_route=%2Fwp%2Fv2%2Fcategories&post=2187"},{"taxonomy":"post_tag","embeddable":true,"href":"https:\/\/noticiasregionais.com.br\/index.php?rest_route=%2Fwp%2Fv2%2Ftags&post=2187"}],"curies":[{"name":"wp","href":"https:\/\/api.w.org\/{rel}","templated":true}]}}