{"id":2192,"date":"2024-03-04T12:00:40","date_gmt":"2024-03-04T15:00:40","guid":{"rendered":"https:\/\/noticiasregionais.com.br\/?p=2192"},"modified":"2024-03-04T12:00:43","modified_gmt":"2024-03-04T15:00:43","slug":"aulas-na-academia-municipal-de-idiomas-comecam-nesta-segunda-4","status":"publish","type":"post","link":"https:\/\/noticiasregionais.com.br\/?p=2192","title":{"rendered":"Aulas na Academia Municipal de Idiomas come\u00e7am nesta segunda (4)"},"content":{"rendered":"\n<p>A Prefeitura de Ourinhos inaugurou na sexta-feira (01) a Academia Municipal de Idiomas! A Academia oferecer\u00e1 de forma gratuita ensino de ingl\u00eas e espanhol para alunos do 4\u00ba ao 9\u00ba ano da rede municipal de ensino de Ourinhos.<\/p>\n\n\n\n<p>As aulas ter\u00e3o in\u00edcio nesta segunda-feira, dia 4 de mar\u00e7o. Esta iniciativa visa fornecer ensino de excel\u00eancia, contribuindo para o desenvolvimento educacional da popula\u00e7\u00e3o.<\/p>\n<input type=\"hidden\" id=\"baseurl\" value=\"https:\/\/noticiasregionais.com.br\"><input type=\"hidden\" id=\"audio_nonce\" value=\"533fbb67b1\">","protected":false},"excerpt":{"rendered":"<p>A Prefeitura de Ourinhos inaugurou na sexta-feira (01) a Academia Municipal de Idiomas! A Academia oferecer\u00e1 de forma gratuita ensino&hellip;<\/p>\n","protected":false},"author":1,"featured_media":2193,"comment_status":"closed","ping_status":"open","sticky":false,"template":"","format":"standard","meta":{"sfsi_plus_gutenberg_text_before_share":"","sfsi_plus_gutenberg_show_text_before_share":"","sfsi_plus_gutenberg_icon_type":"","sfsi_plus_gutenberg_icon_alignemt":"","sfsi_plus_gutenburg_max_per_row":"","footnotes":""},"categories":[5,10,1],"tags":[],"class_list":["post-2192","post","type-post","status-publish","format-standard","has-post-thumbnail","hentry","category-ourinhos","category-destaques","category-noticias"],"_links":{"self":[{"href":"https:\/\/noticiasregionais.com.br\/index.php?rest_route=\/wp\/v2\/posts\/2192","targetHints":{"allow":["GET"]}}],"collection":[{"href":"https:\/\/noticiasregionais.com.br\/index.php?rest_route=\/wp\/v2\/posts"}],"about":[{"href":"https:\/\/noticiasregionais.com.br\/index.php?rest_route=\/wp\/v2\/types\/post"}],"author":[{"embeddable":true,"href":"https:\/\/noticiasregionais.com.br\/index.php?rest_route=\/wp\/v2\/users\/1"}],"replies":[{"embeddable":true,"href":"https:\/\/noticiasregionais.com.br\/index.php?rest_route=%2Fwp%2Fv2%2Fcomments&post=2192"}],"version-history":[{"count":1,"href":"https:\/\/noticiasregionais.com.br\/index.php?rest_route=\/wp\/v2\/posts\/2192\/revisions"}],"predecessor-version":[{"id":2194,"href":"https:\/\/noticiasregionais.com.br\/index.php?rest_route=\/wp\/v2\/posts\/2192\/revisions\/2194"}],"wp:featuredmedia":[{"embeddable":true,"href":"https:\/\/noticiasregionais.com.br\/index.php?rest_route=\/wp\/v2\/media\/2193"}],"wp:attachment":[{"href":"https:\/\/noticiasregionais.com.br\/index.php?rest_route=%2Fwp%2Fv2%2Fmedia&parent=2192"}],"wp:term":[{"taxonomy":"category","embeddable":true,"href":"https:\/\/noticiasregionais.com.br\/index.php?rest_route=%2Fwp%2Fv2%2Fcategories&post=2192"},{"taxonomy":"post_tag","embeddable":true,"href":"https:\/\/noticiasregionais.com.br\/index.php?rest_route=%2Fwp%2Fv2%2Ftags&post=2192"}],"curies":[{"name":"wp","href":"https:\/\/api.w.org\/{rel}","templated":true}]}}