{"id":2195,"date":"2024-03-05T07:06:53","date_gmt":"2024-03-05T10:06:53","guid":{"rendered":"https:\/\/noticiasregionais.com.br\/?p=2195"},"modified":"2024-03-05T07:07:05","modified_gmt":"2024-03-05T10:07:05","slug":"prf-detem-motorista-apos-denuncia-telefonica-sobre-imprudencia","status":"publish","type":"post","link":"https:\/\/noticiasregionais.com.br\/?p=2195","title":{"rendered":"PRF det\u00e9m motorista ap\u00f3s den\u00fancia telef\u00f4nica sobre imprudencia"},"content":{"rendered":"\n<p class=\"has-text-align-center\"><strong>Ele dirigia um bi-trem com excesso de carga e sem descanso adequado<\/strong><\/p>\n\n\n\n<p>Uma equipe da Pol\u00edcia Rodovi\u00e1ria Federal deteve, na manh\u00e3 de sexta-feira (2\/3), um motorista de 46 anos ap\u00f3s uma den\u00fancia sobre ve\u00edculo de carga que realizava ultrapassagens proibidas na regi\u00e3o onde fica a Usina de Jacarezinho, no Paran\u00e1, pr\u00f3ximo da divisa com o estado de S\u00e3o Paulo. Os policiais encontraram o caminh\u00e3o j\u00e1 em Ourinhos\/SP e constataram diversas irregularidades.<\/p>\n\n\n\n<p>O ve\u00edculo era um bi-trem de nove eixos, combina\u00e7\u00e3o com grande capacidade de carga e 30 metros de extens\u00e3o, que transportava amido de milho em peso superior \u00e0 sua capacidade. Al\u00e9m disso, ao fiscalizarem o disco de cronotac\u00f3grafo, que registra o tempo e velocidade de viagem, os PRFs constataram que, al\u00e9m de exceder a velocidade m\u00e1xima permitida para a via, o condutor n\u00e3o havia descansado o m\u00ednimo obrigat\u00f3rio a motoristas profissionais.<\/p>\n\n\n\n<p>Apesar da obten\u00e7\u00e3o de v\u00eddeo mostrando uma ultrapassagem proibida dele e da evid\u00eancia de excesso de velocidade no trecho, nenhuma das duas condutas puderam ser autuadas em virtude de falta de previs\u00e3o legal. No entanto, o excesso de peso e o falta descanso sim.<\/p>\n\n\n\n<p>O ve\u00edculo ficou retido at\u00e9 que o excesso de carga fosse transbordado a outro e o motorista n\u00e3o foi liberado para continuar dirigindo antes de cumprir 11 horas de descanso, conforme a lei n\u00ba 13.103, de 2 de mar\u00e7o de 2015.<\/p>\n\n\n\n<p><strong>Outro motorista sem descanso:<\/strong> Outra equipe da PRF deteve mais um motorista em Guai\u00e7ara\/SP ap\u00f3s descobrir que dirigia sem o descanso m\u00ednimo obrigat\u00f3rio. Este flagrante ocorreu por volta das 14h15, no km 173 da BR-153, rodovia Transbrasiliana, quando o condutor foi flagrado realizando um ultrapassagem proibida. Durante a fiscaliza\u00e7\u00e3o, os policiais descobriram que disco cronotacr\u00f3grafo, que registra diariamente a movimenta\u00e7\u00e3o e \u00e9 de uso obrigat\u00f3rio em ve\u00edculos de carga pesada, estava h\u00e1 quase 20 dias. O fato foi agravado ao descobrirem que o motorista portava uma cartela contendo nove comprimidos de anfetaminas. Conhecidos popularmente como rebite, essas anfetaminas s\u00e3o usadas para inibir o sono e prolongar o tempo de viagem.<\/p>\n\n\n\n<p>A equipe da PRF lavrou um Termo Circunstanciado de Ocorr\u00eancia (TCO) por porte de droga para consumo pr\u00f3prio, no qual o homem detido se compromete a comparecer perante o Ju\u00edz quando for solicitado. Ele responder\u00e1 em liberdade. No entanto, para seguran\u00e7a do tr\u00e2nsito, ele foi retido por 11 horas para realizar o descanso obrigat\u00f3rio e, s\u00f3 ent\u00e3o, seguir viagem.<\/p>\n\n\n\n<p>O telefone de emerg\u00eancia da Pol\u00edcia Rodovi\u00e1ria Federal \u00e9 o 191.<\/p>\n<input type=\"hidden\" id=\"baseurl\" value=\"https:\/\/noticiasregionais.com.br\"><input type=\"hidden\" id=\"audio_nonce\" value=\"533fbb67b1\">","protected":false},"excerpt":{"rendered":"<p>Ele dirigia um bi-trem com excesso de carga e sem descanso adequado Uma equipe da Pol\u00edcia Rodovi\u00e1ria Federal deteve, na&hellip;<\/p>\n","protected":false},"author":1,"featured_media":2196,"comment_status":"closed","ping_status":"open","sticky":false,"template":"","format":"standard","meta":{"sfsi_plus_gutenberg_text_before_share":"","sfsi_plus_gutenberg_show_text_before_share":"","sfsi_plus_gutenberg_icon_type":"","sfsi_plus_gutenberg_icon_alignemt":"","sfsi_plus_gutenburg_max_per_row":"","footnotes":""},"categories":[6,10,1],"tags":[],"class_list":["post-2195","post","type-post","status-publish","format-standard","has-post-thumbnail","hentry","category-sao_paulo","category-destaques","category-noticias"],"_links":{"self":[{"href":"https:\/\/noticiasregionais.com.br\/index.php?rest_route=\/wp\/v2\/posts\/2195","targetHints":{"allow":["GET"]}}],"collection":[{"href":"https:\/\/noticiasregionais.com.br\/index.php?rest_route=\/wp\/v2\/posts"}],"about":[{"href":"https:\/\/noticiasregionais.com.br\/index.php?rest_route=\/wp\/v2\/types\/post"}],"author":[{"embeddable":true,"href":"https:\/\/noticiasregionais.com.br\/index.php?rest_route=\/wp\/v2\/users\/1"}],"replies":[{"embeddable":true,"href":"https:\/\/noticiasregionais.com.br\/index.php?rest_route=%2Fwp%2Fv2%2Fcomments&post=2195"}],"version-history":[{"count":1,"href":"https:\/\/noticiasregionais.com.br\/index.php?rest_route=\/wp\/v2\/posts\/2195\/revisions"}],"predecessor-version":[{"id":2197,"href":"https:\/\/noticiasregionais.com.br\/index.php?rest_route=\/wp\/v2\/posts\/2195\/revisions\/2197"}],"wp:featuredmedia":[{"embeddable":true,"href":"https:\/\/noticiasregionais.com.br\/index.php?rest_route=\/wp\/v2\/media\/2196"}],"wp:attachment":[{"href":"https:\/\/noticiasregionais.com.br\/index.php?rest_route=%2Fwp%2Fv2%2Fmedia&parent=2195"}],"wp:term":[{"taxonomy":"category","embeddable":true,"href":"https:\/\/noticiasregionais.com.br\/index.php?rest_route=%2Fwp%2Fv2%2Fcategories&post=2195"},{"taxonomy":"post_tag","embeddable":true,"href":"https:\/\/noticiasregionais.com.br\/index.php?rest_route=%2Fwp%2Fv2%2Ftags&post=2195"}],"curies":[{"name":"wp","href":"https:\/\/api.w.org\/{rel}","templated":true}]}}