{"id":2198,"date":"2024-03-05T07:11:17","date_gmt":"2024-03-05T10:11:17","guid":{"rendered":"https:\/\/noticiasregionais.com.br\/?p=2198"},"modified":"2024-03-05T07:11:28","modified_gmt":"2024-03-05T10:11:28","slug":"servidores-estaduais-tem-menos-de-2-semanas-para-realizar-o-recadastramento-digital","status":"publish","type":"post","link":"https:\/\/noticiasregionais.com.br\/?p=2198","title":{"rendered":"Servidores estaduais t\u00eam menos de 2 semanas para realizar o recadastramento digital"},"content":{"rendered":"\n<p class=\"has-text-align-center\"><strong>Quem n\u00e3o atualizar os dados cadastrais pelo app SOU.SP.GOV.BR at\u00e9 17 de mar\u00e7o ter\u00e1 os vencimentos suspensos a partir de abril<\/strong><\/p>\n\n\n\n<p>Servidores p\u00fablicos ativos do Estado de S\u00e3o Paulo t\u00eam menos de duas semanas para realizar o recadastramento digital obrigat\u00f3rio pelo aplicativo SOU.SP.GOV.BR. Quem n\u00e3o realizar o procedimento at\u00e9 o dia 17 de mar\u00e7o ficar\u00e1 sem receber os vencimentos a partir de abril, pois n\u00e3o haver\u00e1 prorroga\u00e7\u00e3o do prazo.<\/p>\n\n\n\n<p>Devem realizar o recadastramento servidores, empregados p\u00fablicos e militares em atividade, no \u00e2mbito da Administra\u00e7\u00e3o Direta, das Autarquias, inclusive as de Regime Especial, e das Funda\u00e7\u00f5es do Estado de SP. O procedimento digital deve ser feito pelo aplicativo SOU.SP.GOV.BR, onde pode realizar tamb\u00e9m a Prova de Vida \u2013 \u00faltima etapa do recadastramento \u2013, ou pelo Portal do Recadastramento (<a href=\"https:\/\/recad.sp.gov.br\/\" target=\"_blank\" rel=\"noreferrer noopener\">https:\/\/recad.sp.gov.br\/<\/a><a href=\"https:\/\/recad.sp.gov.br\/)\" target=\"_blank\" rel=\"noreferrer noopener\">)<\/a>.<\/p>\n\n\n\n<p>Para acessar o app, \u00e9 preciso baixar o aplicativo SOU.SP.GOV.BR, dispon\u00edvel nas plataformas Android e iOS, realizar o acesso por meio do login GOV.BR, acessar os dados de cadastro e atualiz\u00e1-los. Ao final, por meio de valida\u00e7\u00e3o biom\u00e9trica, o servidor realiza a Prova de Vida Digital.<\/p>\n\n\n\n<p>Determinado pelo decreto n\u00ba 68.306, de 16 de janeiro, o recadastramento digital \u00e9 essencial para dar mais agilidade e transpar\u00eancia \u00e0 administra\u00e7\u00e3o p\u00fablica, al\u00e9m de, consequentemente, resultar no aperfei\u00e7oamento da execu\u00e7\u00e3o das pol\u00edticas p\u00fablicas no estado de S\u00e3o Paulo.<\/p>\n<input type=\"hidden\" id=\"baseurl\" value=\"https:\/\/noticiasregionais.com.br\"><input type=\"hidden\" id=\"audio_nonce\" value=\"533fbb67b1\">","protected":false},"excerpt":{"rendered":"<p>Quem n\u00e3o atualizar os dados cadastrais pelo app SOU.SP.GOV.BR at\u00e9 17 de mar\u00e7o ter\u00e1 os vencimentos suspensos a partir de&hellip;<\/p>\n","protected":false},"author":1,"featured_media":2199,"comment_status":"closed","ping_status":"open","sticky":false,"template":"","format":"standard","meta":{"sfsi_plus_gutenberg_text_before_share":"","sfsi_plus_gutenberg_show_text_before_share":"","sfsi_plus_gutenberg_icon_type":"","sfsi_plus_gutenberg_icon_alignemt":"","sfsi_plus_gutenburg_max_per_row":"","footnotes":""},"categories":[6,10,1],"tags":[],"class_list":["post-2198","post","type-post","status-publish","format-standard","has-post-thumbnail","hentry","category-sao_paulo","category-destaques","category-noticias"],"_links":{"self":[{"href":"https:\/\/noticiasregionais.com.br\/index.php?rest_route=\/wp\/v2\/posts\/2198","targetHints":{"allow":["GET"]}}],"collection":[{"href":"https:\/\/noticiasregionais.com.br\/index.php?rest_route=\/wp\/v2\/posts"}],"about":[{"href":"https:\/\/noticiasregionais.com.br\/index.php?rest_route=\/wp\/v2\/types\/post"}],"author":[{"embeddable":true,"href":"https:\/\/noticiasregionais.com.br\/index.php?rest_route=\/wp\/v2\/users\/1"}],"replies":[{"embeddable":true,"href":"https:\/\/noticiasregionais.com.br\/index.php?rest_route=%2Fwp%2Fv2%2Fcomments&post=2198"}],"version-history":[{"count":1,"href":"https:\/\/noticiasregionais.com.br\/index.php?rest_route=\/wp\/v2\/posts\/2198\/revisions"}],"predecessor-version":[{"id":2200,"href":"https:\/\/noticiasregionais.com.br\/index.php?rest_route=\/wp\/v2\/posts\/2198\/revisions\/2200"}],"wp:featuredmedia":[{"embeddable":true,"href":"https:\/\/noticiasregionais.com.br\/index.php?rest_route=\/wp\/v2\/media\/2199"}],"wp:attachment":[{"href":"https:\/\/noticiasregionais.com.br\/index.php?rest_route=%2Fwp%2Fv2%2Fmedia&parent=2198"}],"wp:term":[{"taxonomy":"category","embeddable":true,"href":"https:\/\/noticiasregionais.com.br\/index.php?rest_route=%2Fwp%2Fv2%2Fcategories&post=2198"},{"taxonomy":"post_tag","embeddable":true,"href":"https:\/\/noticiasregionais.com.br\/index.php?rest_route=%2Fwp%2Fv2%2Ftags&post=2198"}],"curies":[{"name":"wp","href":"https:\/\/api.w.org\/{rel}","templated":true}]}}