{"id":2205,"date":"2024-03-06T07:51:28","date_gmt":"2024-03-06T10:51:28","guid":{"rendered":"https:\/\/noticiasregionais.com.br\/?p=2205"},"modified":"2024-03-06T07:51:31","modified_gmt":"2024-03-06T10:51:31","slug":"gato-de-jau-pode-tornar-se-o-maior-do-mundo-e-tutores-aguardam-avaliacao-do-guinness","status":"publish","type":"post","link":"https:\/\/noticiasregionais.com.br\/?p=2205","title":{"rendered":"Gato de Ja\u00fa pode tornar-se o maior do mundo e tutores aguardam avalia\u00e7\u00e3o do Guinness"},"content":{"rendered":"\n<p class=\"has-text-align-center\"><strong>Xartrux tem 1,30m, desde a ponta do focinho at\u00e9 o fim da cauda; tamanho supera o recordista atual, que vive na It\u00e1lia<\/strong><\/p>\n\n\n\n<p>Conhecida como a capital estadual do cal\u00e7ado feminino, Ja\u00fa (47 quil\u00f4metros de Bauru) poder\u00e1 tonar-se o munic\u00edpio onde vive o maior gato do mundo. Essa \u00e9 a expectativa do casal de influencers e criadores de felinos da ra\u00e7a maine coon, Marcia Oliveira e Jean Martins.<\/p>\n\n\n\n<p>De acordo com eles, estes bichanos podem equivaler ao tamanho de uma crian\u00e7a de 5 anos. O Xartrux, de 6 anos, pet de estima\u00e7\u00e3o de ambos, com a maturidade, atingiu o \u00e1pice de 1 metro e 30 cent\u00edmetros, calculando do focinho at\u00e9 o fim da cauda, al\u00e9m de 10,3 quilos de pura fofura.<\/p>\n\n\n\n<p>As medidas superam o maior gato vivo do planeta, um italiano da mesma ra\u00e7a que mede 1,19m, informam. O recordista anterior era o Swetie, que chegou a 1,23m. Ele viveu em Nevada, nos Estados Unidos, e morreu em 2016.<\/p>\n\n\n\n<p>Com base nestas informa\u00e7\u00f5es, Marcia Oliveira e Jean Martins enviaram toda a documenta\u00e7\u00e3o e fotos para comprova\u00e7\u00f5es, que s\u00e3o exigidas pelo Guinness Book, o livro dos recordes.<\/p>\n\n\n\n<p>Marcia conta que \u00e9 apaixonada e convive com gatos desde a inf\u00e2ncia. Ela e o companheiro tiveram mais de 500 felinos, entre os resgatados das ruas, o que criam para reprodu\u00e7\u00e3o, comercializa\u00e7\u00e3o e os outros que tutelaram ao longo da vida. Na internet, o casal \u00e9 conhecido pela p\u00e1gina @felinafolia.<\/p>\n\n\n\n<h3 class=\"wp-block-heading\">ESPECIALISTAS<\/h3>\n\n\n\n<p>\u201cDesde 2012 troquei a minha antiga ocupa\u00e7\u00e3o profissional (segmento editorial), com humanos (risos) e passei a me dedicar integralmente aos gatos, com o apoio, claro, do meu marido. Vivemos em uma casa totalmente adaptada com diversos m\u00f3veis voltados para os gatos. E o Xartrux \u00e9 um deles, o maior. Ele j\u00e1 ganhou pr\u00eamios internacionais e agora estamos na expectativa de receber o retorno positivo do Guinness\u201d, comenta Marcia Oliveira.<\/p>\n\n\n\n<p>Ela acrescenta que o trabalho de cria\u00e7\u00e3o e reprodu\u00e7\u00e3o realizado por ela e pelo marido \u00e9 especializado e reconhecido por \u00f3rg\u00e3os nacionais e internacionais, pois atende diversas exig\u00eancias, al\u00e9m de empregar 13 profissionais.<\/p>\n\n\n\n<p>Marcia finaliza destacando o quanto seus gatos foram fundamentais na sua vida. \u201cMe passaram muita for\u00e7a para lutar em todo o processo desde o diagn\u00f3stico de c\u00e2ncer de mama, depois o \u00e1rduo tratamento que fiz em Bauru e as cirurgias. S\u00e3o minhas alegrias\u201d, finaliza.<\/p>\n\n\n\n<p><sub><strong>fonte: Sampi \/ Folhapress<\/strong><\/sub><\/p>\n<input type=\"hidden\" id=\"baseurl\" value=\"https:\/\/noticiasregionais.com.br\"><input type=\"hidden\" id=\"audio_nonce\" value=\"533fbb67b1\">","protected":false},"excerpt":{"rendered":"<p>Xartrux tem 1,30m, desde a ponta do focinho at\u00e9 o fim da cauda; tamanho supera o recordista atual, que vive&hellip;<\/p>\n","protected":false},"author":1,"featured_media":2207,"comment_status":"closed","ping_status":"open","sticky":false,"template":"","format":"standard","meta":{"sfsi_plus_gutenberg_text_before_share":"","sfsi_plus_gutenberg_show_text_before_share":"","sfsi_plus_gutenberg_icon_type":"","sfsi_plus_gutenberg_icon_alignemt":"","sfsi_plus_gutenburg_max_per_row":"","footnotes":""},"categories":[6,10,1],"tags":[],"class_list":["post-2205","post","type-post","status-publish","format-standard","has-post-thumbnail","hentry","category-sao_paulo","category-destaques","category-noticias"],"_links":{"self":[{"href":"https:\/\/noticiasregionais.com.br\/index.php?rest_route=\/wp\/v2\/posts\/2205","targetHints":{"allow":["GET"]}}],"collection":[{"href":"https:\/\/noticiasregionais.com.br\/index.php?rest_route=\/wp\/v2\/posts"}],"about":[{"href":"https:\/\/noticiasregionais.com.br\/index.php?rest_route=\/wp\/v2\/types\/post"}],"author":[{"embeddable":true,"href":"https:\/\/noticiasregionais.com.br\/index.php?rest_route=\/wp\/v2\/users\/1"}],"replies":[{"embeddable":true,"href":"https:\/\/noticiasregionais.com.br\/index.php?rest_route=%2Fwp%2Fv2%2Fcomments&post=2205"}],"version-history":[{"count":1,"href":"https:\/\/noticiasregionais.com.br\/index.php?rest_route=\/wp\/v2\/posts\/2205\/revisions"}],"predecessor-version":[{"id":2208,"href":"https:\/\/noticiasregionais.com.br\/index.php?rest_route=\/wp\/v2\/posts\/2205\/revisions\/2208"}],"wp:featuredmedia":[{"embeddable":true,"href":"https:\/\/noticiasregionais.com.br\/index.php?rest_route=\/wp\/v2\/media\/2207"}],"wp:attachment":[{"href":"https:\/\/noticiasregionais.com.br\/index.php?rest_route=%2Fwp%2Fv2%2Fmedia&parent=2205"}],"wp:term":[{"taxonomy":"category","embeddable":true,"href":"https:\/\/noticiasregionais.com.br\/index.php?rest_route=%2Fwp%2Fv2%2Fcategories&post=2205"},{"taxonomy":"post_tag","embeddable":true,"href":"https:\/\/noticiasregionais.com.br\/index.php?rest_route=%2Fwp%2Fv2%2Ftags&post=2205"}],"curies":[{"name":"wp","href":"https:\/\/api.w.org\/{rel}","templated":true}]}}