{"id":2209,"date":"2024-03-06T08:51:18","date_gmt":"2024-03-06T11:51:18","guid":{"rendered":"https:\/\/noticiasregionais.com.br\/?p=2209"},"modified":"2024-03-06T08:52:17","modified_gmt":"2024-03-06T11:52:17","slug":"obra-irregular-da-prefeitura-de-ourinhos-impede-passagem-de-veiculo-ferroviario","status":"publish","type":"post","link":"https:\/\/noticiasregionais.com.br\/?p=2209","title":{"rendered":"Obra irregular da Prefeitura de Ourinhos impede passagem de ve\u00edculo ferrovi\u00e1rio"},"content":{"rendered":"\n<p class=\"has-text-align-center\"><strong>Segundo nota da concession\u00e1ria divulgada pelo site Jornal Biz em 04\/03, a ANTT e a Rumo deveriam ter sido comunicadas e autorizar formalmente as interven\u00e7\u00f5es.<\/strong><\/p>\n\n\n\n<p>Na tarde de ontem, 05\/03, um v\u00eddeo circulou nas redes sociais e mostrava um ve\u00edculo ferrovi\u00e1rio de manuten\u00e7\u00e3o parado antes da passagem em n\u00edvel entre o Jardim Bandeirantes e a Cohab, na cidade de Ourinhos.<br>Na semama passada, o Prefeito Municipal Lucas Pocay Alves da Silva determinou que todas as passagens em n\u00edvel da cidade fossem asfaltadas, suprimindo a linha ferrovi\u00e1ria e impedindo de forma definitiva a passagem de trens e outros ve\u00edculos.<\/p>\n\n\n\n<p>A rea\u00e7\u00e3o da Rumo Log\u00edstica, empresa encarregada da malha ferrovi\u00e1ria, reflete a gravidade da situa\u00e7\u00e3o. Em uma declara\u00e7\u00e3o enviada ao Jornal Biz (<a href=\"https:\/\/jornalbiz.com\" target=\"_blank\" rel=\"noopener\">https:\/\/jornalbiz.com<\/a>), a companhia esclareceu que a obra realizada pela prefeitura \u00e9 irregular e foi conduzida sem o devido aviso ou autoriza\u00e7\u00e3o. A Rumo Log\u00edstica j\u00e1 se comprometeu a tomar medidas legais, notificando a administra\u00e7\u00e3o municipal sobre a irregularidade dos trabalhos e buscando as medidas administrativas cab\u00edveis.<\/p>\n\n\n\n<p>Al\u00e9m das consequ\u00eancias legais, esse epis\u00f3dio destaca a falta de di\u00e1logo com a popula\u00e7\u00e3o, tal qual tem acontecido em diversas a\u00e7\u00f5es tomadas pelo atual gestor, que sem ouvir o povo Ourinhense, est\u00e1 delegando \u00e0 forasteiros a responsabilidade por substituir o poder p\u00fablico, as institui\u00e7\u00f5es tradicionais e at\u00e9 mesmo o passado glorioso que a ferrovia representa para nossa cidade.<\/p>\n\n\n<div class=\"wp-block-image\">\n<figure class=\"aligncenter size-full\"><img decoding=\"async\" width=\"670\" height=\"558\" src=\"https:\/\/noticiasregionais.com.br\/wp-content\/uploads\/2024\/03\/Nota.jpg\" alt=\"\" class=\"wp-image-2212\" srcset=\"https:\/\/noticiasregionais.com.br\/wp-content\/uploads\/2024\/03\/Nota.jpg 670w, https:\/\/noticiasregionais.com.br\/wp-content\/uploads\/2024\/03\/Nota-300x250.jpg 300w\" sizes=\"(max-width: 670px) 100vw, 670px\" \/><\/figure>\n<\/div><input type=\"hidden\" id=\"baseurl\" value=\"https:\/\/noticiasregionais.com.br\"><input type=\"hidden\" id=\"audio_nonce\" value=\"533fbb67b1\">","protected":false},"excerpt":{"rendered":"<p>Segundo nota da concession\u00e1ria divulgada pelo site Jornal Biz em 04\/03, a ANTT e a Rumo deveriam ter sido comunicadas&hellip;<\/p>\n","protected":false},"author":1,"featured_media":2210,"comment_status":"closed","ping_status":"open","sticky":false,"template":"","format":"standard","meta":{"sfsi_plus_gutenberg_text_before_share":"","sfsi_plus_gutenberg_show_text_before_share":"","sfsi_plus_gutenberg_icon_type":"","sfsi_plus_gutenberg_icon_alignemt":"","sfsi_plus_gutenburg_max_per_row":"","footnotes":""},"categories":[5,12,1],"tags":[],"class_list":["post-2209","post","type-post","status-publish","format-standard","has-post-thumbnail","hentry","category-ourinhos","category-capa","category-noticias"],"_links":{"self":[{"href":"https:\/\/noticiasregionais.com.br\/index.php?rest_route=\/wp\/v2\/posts\/2209","targetHints":{"allow":["GET"]}}],"collection":[{"href":"https:\/\/noticiasregionais.com.br\/index.php?rest_route=\/wp\/v2\/posts"}],"about":[{"href":"https:\/\/noticiasregionais.com.br\/index.php?rest_route=\/wp\/v2\/types\/post"}],"author":[{"embeddable":true,"href":"https:\/\/noticiasregionais.com.br\/index.php?rest_route=\/wp\/v2\/users\/1"}],"replies":[{"embeddable":true,"href":"https:\/\/noticiasregionais.com.br\/index.php?rest_route=%2Fwp%2Fv2%2Fcomments&post=2209"}],"version-history":[{"count":2,"href":"https:\/\/noticiasregionais.com.br\/index.php?rest_route=\/wp\/v2\/posts\/2209\/revisions"}],"predecessor-version":[{"id":2213,"href":"https:\/\/noticiasregionais.com.br\/index.php?rest_route=\/wp\/v2\/posts\/2209\/revisions\/2213"}],"wp:featuredmedia":[{"embeddable":true,"href":"https:\/\/noticiasregionais.com.br\/index.php?rest_route=\/wp\/v2\/media\/2210"}],"wp:attachment":[{"href":"https:\/\/noticiasregionais.com.br\/index.php?rest_route=%2Fwp%2Fv2%2Fmedia&parent=2209"}],"wp:term":[{"taxonomy":"category","embeddable":true,"href":"https:\/\/noticiasregionais.com.br\/index.php?rest_route=%2Fwp%2Fv2%2Fcategories&post=2209"},{"taxonomy":"post_tag","embeddable":true,"href":"https:\/\/noticiasregionais.com.br\/index.php?rest_route=%2Fwp%2Fv2%2Ftags&post=2209"}],"curies":[{"name":"wp","href":"https:\/\/api.w.org\/{rel}","templated":true}]}}