{"id":2216,"date":"2024-03-11T08:57:59","date_gmt":"2024-03-11T11:57:59","guid":{"rendered":"https:\/\/noticiasregionais.com.br\/?p=2216"},"modified":"2024-03-11T09:46:57","modified_gmt":"2024-03-11T12:46:57","slug":"prf-prende-dois-homens-transportando-armas-de-pressao-ilegalmente","status":"publish","type":"post","link":"https:\/\/noticiasregionais.com.br\/?p=2216","title":{"rendered":"PRF prende dois homens transportando armas de press\u00e3o ilegalmente"},"content":{"rendered":"\n<p class=\"has-text-align-center\"><strong>Havia pistolas, armas longas e acess\u00f3rios diversos que seriam levados para Sorocaba<\/strong><\/p>\n\n\n\n<p>A Pol\u00edcia Rodovi\u00e1ria Federal prendeu dois homens em Ourinhos\/SP na madrugada deste domingo (10\/2). Eles transportavam ilegalmente diversas armas de press\u00e3o trazidas do Paraguai e levariam para Sorocaba. Al\u00e9m das armas, que s\u00e3o bastante parecidas com armas de fogo, havia muni\u00e7\u00e3o e acess\u00f3rios como carregadores, capacetes e m\u00e1scaras de prote\u00e7\u00e3o.<\/p>\n\n\n\n<p>O flagrante ocorreu \u00e0 1h30 da manh\u00e3, quando uma equipe da PRF parou um Renault Duster no km 347 da BR-153, rodovia Transbrasiliana. Durante a fiscaliza\u00e7\u00e3o, o motorista pareceu mais nervoso que o normal e deu algumas informa\u00e7\u00f5es confusas. Ao verificarem seus documentos e registros, os policiais descobriram que o passageiro tem hist\u00f3rico por tr\u00e1fico de drogas, refor\u00e7ando a suspeita de algo errado na viagem e motivando uma verifica\u00e7\u00e3o mais detalhada.<\/p>\n\n\n\n<p>Os PRFs encontraram no porta-malas do carro diversas caixas contendo as pistolas e armas longas de press\u00e3o, al\u00e9m de muni\u00e7\u00f5es e acess\u00f3rios. O motorista, um homem de 48 anos, informou que foi contratado por uma loja do Paraguai para levar a carga para Sorocaba\/SP, onde um homem faria contato para determinar o local de entrega. Tamb\u00e9m disse que a carga est\u00e1 avaliada em 8.000 d\u00f3lares no Paraguai, equivalente a R$ 40.000,00.<\/p>\n\n\n\n<p>O motorista e o passageiro, um homem de 76 anos, foram levados para a pol\u00edcia judici\u00e1ria em Mar\u00edlia e permaneceram presos, assim como a mercadoria e o carro usado no transporte ficaram apreendidos. Eles responder\u00e3o pelo crime de contrabando.<\/p>\n<input type=\"hidden\" id=\"baseurl\" value=\"https:\/\/noticiasregionais.com.br\"><input type=\"hidden\" id=\"audio_nonce\" value=\"533fbb67b1\">","protected":false},"excerpt":{"rendered":"<p>Havia pistolas, armas longas e acess\u00f3rios diversos que seriam levados para Sorocaba A Pol\u00edcia Rodovi\u00e1ria Federal prendeu dois homens em&hellip;<\/p>\n","protected":false},"author":1,"featured_media":2217,"comment_status":"closed","ping_status":"open","sticky":false,"template":"","format":"standard","meta":{"sfsi_plus_gutenberg_text_before_share":"","sfsi_plus_gutenberg_show_text_before_share":"","sfsi_plus_gutenberg_icon_type":"","sfsi_plus_gutenberg_icon_alignemt":"","sfsi_plus_gutenburg_max_per_row":"","footnotes":""},"categories":[5,10,1],"tags":[],"class_list":["post-2216","post","type-post","status-publish","format-standard","has-post-thumbnail","hentry","category-ourinhos","category-destaques","category-noticias"],"_links":{"self":[{"href":"https:\/\/noticiasregionais.com.br\/index.php?rest_route=\/wp\/v2\/posts\/2216","targetHints":{"allow":["GET"]}}],"collection":[{"href":"https:\/\/noticiasregionais.com.br\/index.php?rest_route=\/wp\/v2\/posts"}],"about":[{"href":"https:\/\/noticiasregionais.com.br\/index.php?rest_route=\/wp\/v2\/types\/post"}],"author":[{"embeddable":true,"href":"https:\/\/noticiasregionais.com.br\/index.php?rest_route=\/wp\/v2\/users\/1"}],"replies":[{"embeddable":true,"href":"https:\/\/noticiasregionais.com.br\/index.php?rest_route=%2Fwp%2Fv2%2Fcomments&post=2216"}],"version-history":[{"count":1,"href":"https:\/\/noticiasregionais.com.br\/index.php?rest_route=\/wp\/v2\/posts\/2216\/revisions"}],"predecessor-version":[{"id":2218,"href":"https:\/\/noticiasregionais.com.br\/index.php?rest_route=\/wp\/v2\/posts\/2216\/revisions\/2218"}],"wp:featuredmedia":[{"embeddable":true,"href":"https:\/\/noticiasregionais.com.br\/index.php?rest_route=\/wp\/v2\/media\/2217"}],"wp:attachment":[{"href":"https:\/\/noticiasregionais.com.br\/index.php?rest_route=%2Fwp%2Fv2%2Fmedia&parent=2216"}],"wp:term":[{"taxonomy":"category","embeddable":true,"href":"https:\/\/noticiasregionais.com.br\/index.php?rest_route=%2Fwp%2Fv2%2Fcategories&post=2216"},{"taxonomy":"post_tag","embeddable":true,"href":"https:\/\/noticiasregionais.com.br\/index.php?rest_route=%2Fwp%2Fv2%2Ftags&post=2216"}],"curies":[{"name":"wp","href":"https:\/\/api.w.org\/{rel}","templated":true}]}}