{"id":2219,"date":"2024-03-11T09:42:08","date_gmt":"2024-03-11T12:42:08","guid":{"rendered":"https:\/\/noticiasregionais.com.br\/?p=2219"},"modified":"2024-03-11T09:42:19","modified_gmt":"2024-03-11T12:42:19","slug":"carreta-descontrolada-sofre-acidente-entre-jacarezinho-e-ourinhos-na-manha-desta-segunda-feira-11","status":"publish","type":"post","link":"https:\/\/noticiasregionais.com.br\/?p=2219","title":{"rendered":"Carreta descontrolada sofre acidente entre Jacarezinho e Ourinhos na manh\u00e3 desta segunda-feira (11)"},"content":{"rendered":"\n<p><strong>Ourinhos, SP<\/strong> &#8211; Uma carreta perdeu o controle e colidiu com a mureta que separa as duas pistas da rodovia BR-153, pr\u00f3ximo \u00e0 pra\u00e7a de ped\u00e1gio de Marques dos Reis, na manh\u00e3 desta segunda-feira (11). O acidente aconteceu por volta das 9h, no sentido Jacarezinho (PR) \/ Ourinhos (SP).<\/p>\n\n\n\n<p>Segundo relatos de motoristas, o tr\u00e2nsito est\u00e1 lento no local devido ao acidente. A carreta, um trator com reboque, est\u00e1 sobre a mureta ap\u00f3s a colis\u00e3o. A Pol\u00edcia Rodovi\u00e1ria Federal (PRF) foi acionada e deve interditar a pista para possibilitar a remo\u00e7\u00e3o do ve\u00edculo.<\/p>\n\n\n\n<p>Ainda n\u00e3o h\u00e1 informa\u00e7\u00f5es sobre as causas do acidente. Felizmente, ningu\u00e9m se feriu.<\/p>\n<input type=\"hidden\" id=\"baseurl\" value=\"https:\/\/noticiasregionais.com.br\"><input type=\"hidden\" id=\"audio_nonce\" value=\"533fbb67b1\">","protected":false},"excerpt":{"rendered":"<p>Ourinhos, SP &#8211; Uma carreta perdeu o controle e colidiu com a mureta que separa as duas pistas da rodovia&hellip;<\/p>\n","protected":false},"author":1,"featured_media":2220,"comment_status":"closed","ping_status":"open","sticky":false,"template":"","format":"standard","meta":{"sfsi_plus_gutenberg_text_before_share":"","sfsi_plus_gutenberg_show_text_before_share":"","sfsi_plus_gutenberg_icon_type":"","sfsi_plus_gutenberg_icon_alignemt":"","sfsi_plus_gutenburg_max_per_row":"","footnotes":""},"categories":[5,12,1],"tags":[],"class_list":["post-2219","post","type-post","status-publish","format-standard","has-post-thumbnail","hentry","category-ourinhos","category-capa","category-noticias"],"_links":{"self":[{"href":"https:\/\/noticiasregionais.com.br\/index.php?rest_route=\/wp\/v2\/posts\/2219","targetHints":{"allow":["GET"]}}],"collection":[{"href":"https:\/\/noticiasregionais.com.br\/index.php?rest_route=\/wp\/v2\/posts"}],"about":[{"href":"https:\/\/noticiasregionais.com.br\/index.php?rest_route=\/wp\/v2\/types\/post"}],"author":[{"embeddable":true,"href":"https:\/\/noticiasregionais.com.br\/index.php?rest_route=\/wp\/v2\/users\/1"}],"replies":[{"embeddable":true,"href":"https:\/\/noticiasregionais.com.br\/index.php?rest_route=%2Fwp%2Fv2%2Fcomments&post=2219"}],"version-history":[{"count":1,"href":"https:\/\/noticiasregionais.com.br\/index.php?rest_route=\/wp\/v2\/posts\/2219\/revisions"}],"predecessor-version":[{"id":2221,"href":"https:\/\/noticiasregionais.com.br\/index.php?rest_route=\/wp\/v2\/posts\/2219\/revisions\/2221"}],"wp:featuredmedia":[{"embeddable":true,"href":"https:\/\/noticiasregionais.com.br\/index.php?rest_route=\/wp\/v2\/media\/2220"}],"wp:attachment":[{"href":"https:\/\/noticiasregionais.com.br\/index.php?rest_route=%2Fwp%2Fv2%2Fmedia&parent=2219"}],"wp:term":[{"taxonomy":"category","embeddable":true,"href":"https:\/\/noticiasregionais.com.br\/index.php?rest_route=%2Fwp%2Fv2%2Fcategories&post=2219"},{"taxonomy":"post_tag","embeddable":true,"href":"https:\/\/noticiasregionais.com.br\/index.php?rest_route=%2Fwp%2Fv2%2Ftags&post=2219"}],"curies":[{"name":"wp","href":"https:\/\/api.w.org\/{rel}","templated":true}]}}