{"id":2223,"date":"2024-03-13T14:01:33","date_gmt":"2024-03-13T17:01:33","guid":{"rendered":"https:\/\/noticiasregionais.com.br\/?p=2223"},"modified":"2024-03-13T14:01:37","modified_gmt":"2024-03-13T17:01:37","slug":"com-o-fim-da-entrega-de-cestas-basicas-pela-prefeitura-beneficios-passam-a-ser-pagos-via-cartao-social","status":"publish","type":"post","link":"https:\/\/noticiasregionais.com.br\/?p=2223","title":{"rendered":"Com o fim da entrega de cestas b\u00e1sicas pela prefeitura, benef\u00edcios passam a ser pagos via Cart\u00e3o Social"},"content":{"rendered":"\n<p>A Prefeitura de Ourinhos realizou uma importante modifica\u00e7\u00e3o na concess\u00e3o dos benef\u00edcios eventuais, a partir de um novo formato de pagamento alinhado com a Caixa Econ\u00f4mica Federal. Passa a vigorar neste ano o Cart\u00e3o Social, com a concess\u00e3o em pec\u00fania (dinheiro) via dep\u00f3sito no nome e conta do benefici\u00e1rio.<\/p>\n\n\n\n<p>Nesta nova modalidade n\u00e3o ser\u00e1 mais necess\u00e1rio retirar a cesta b\u00e1sica fechada, dando autonomia para a pessoa comprar os alimentos que necessita e onde preferir, incluindo verduras, legumes, carne e outros alimentos perec\u00edveis, que n\u00e3o integravam a cesta devido ao formato de armazenamento a longo prazo.<\/p>\n\n\n\n<p>\u201c\u00c9 uma medida que beneficiar\u00e1 inclusive os comerciantes da cidade, pois o recurso investido pelo munic\u00edpio ficar\u00e1 aqui, visto que a licita\u00e7\u00e3o das cestas b\u00e1sicas dificilmente era vencida por uma empresa local. As pessoas agora poder\u00e3o comprar seus alimentos nos mercados, quitandas, a\u00e7ougues e sacol\u00f5es perto de casa, como est\u00e3o acostumadas\u201d, conta a secret\u00e1ria de Assist\u00eancia e Desenvolvimento Social, Viviane Barros.<\/p>\n\n\n\n<p>Os outros dois benef\u00edcios eventuais que tamb\u00e9m ser\u00e3o pagos com o Cart\u00e3o Social ser\u00e3o o aux\u00edlio-maternidade e o aux\u00edlio calamidade. As pessoas beneficiadas com a cesta b\u00e1sica pelo Cart\u00e3o Social receber\u00e3o acompanhamento nos CRAS pelo PAIF (Servi\u00e7o de Prote\u00e7\u00e3o e Atendimento Integral \u00e0 Fam\u00edlia), que tem como objetivo apoiar as fam\u00edlias, prevenindo a ruptura de la\u00e7os, promovendo o acesso a direitos e contribuindo para a melhoria da qualidade de vida.<\/p>\n\n\n\n<p>Uma informa\u00e7\u00e3o importante a se ressaltar \u00e9 que esta a\u00e7\u00e3o se trata de um importante aprimoramento no sistema e formato de concess\u00e3o dos benef\u00edcios j\u00e1 existentes e concedidos em escala igualit\u00e1ria aos dos demais exerc\u00edcios anuais, n\u00e3o se tratando de uma cria\u00e7\u00e3o de um novo programa.<\/p>\n\n\n\n<p>De acordo com as normas legais, os benef\u00edcios eventuais visam o atendimento imediato de necessidades humanas b\u00e1sicas decorrentes de conting\u00eancias sociais, ou seja, situa\u00e7\u00f5es inesperadas. A concess\u00e3o de um benef\u00edcio passa por an\u00e1lise rigorosa e tem car\u00e1ter suplementar e provis\u00f3rio, cabendo ao munic\u00edpio sua regulamenta\u00e7\u00e3o, dota\u00e7\u00e3o or\u00e7ament\u00e1ria e organiza\u00e7\u00e3o de atendimento integrada aos demais servi\u00e7os da Assist\u00eancia.<\/p>\n<input type=\"hidden\" id=\"baseurl\" value=\"https:\/\/noticiasregionais.com.br\"><input type=\"hidden\" id=\"audio_nonce\" value=\"533fbb67b1\">","protected":false},"excerpt":{"rendered":"<p>A Prefeitura de Ourinhos realizou uma importante modifica\u00e7\u00e3o na concess\u00e3o dos benef\u00edcios eventuais, a partir de um novo formato de&hellip;<\/p>\n","protected":false},"author":1,"featured_media":2224,"comment_status":"closed","ping_status":"open","sticky":false,"template":"","format":"standard","meta":{"sfsi_plus_gutenberg_text_before_share":"","sfsi_plus_gutenberg_show_text_before_share":"","sfsi_plus_gutenberg_icon_type":"","sfsi_plus_gutenberg_icon_alignemt":"","sfsi_plus_gutenburg_max_per_row":"","footnotes":""},"categories":[12,1,5],"tags":[],"class_list":["post-2223","post","type-post","status-publish","format-standard","has-post-thumbnail","hentry","category-capa","category-noticias","category-ourinhos"],"_links":{"self":[{"href":"https:\/\/noticiasregionais.com.br\/index.php?rest_route=\/wp\/v2\/posts\/2223","targetHints":{"allow":["GET"]}}],"collection":[{"href":"https:\/\/noticiasregionais.com.br\/index.php?rest_route=\/wp\/v2\/posts"}],"about":[{"href":"https:\/\/noticiasregionais.com.br\/index.php?rest_route=\/wp\/v2\/types\/post"}],"author":[{"embeddable":true,"href":"https:\/\/noticiasregionais.com.br\/index.php?rest_route=\/wp\/v2\/users\/1"}],"replies":[{"embeddable":true,"href":"https:\/\/noticiasregionais.com.br\/index.php?rest_route=%2Fwp%2Fv2%2Fcomments&post=2223"}],"version-history":[{"count":1,"href":"https:\/\/noticiasregionais.com.br\/index.php?rest_route=\/wp\/v2\/posts\/2223\/revisions"}],"predecessor-version":[{"id":2225,"href":"https:\/\/noticiasregionais.com.br\/index.php?rest_route=\/wp\/v2\/posts\/2223\/revisions\/2225"}],"wp:featuredmedia":[{"embeddable":true,"href":"https:\/\/noticiasregionais.com.br\/index.php?rest_route=\/wp\/v2\/media\/2224"}],"wp:attachment":[{"href":"https:\/\/noticiasregionais.com.br\/index.php?rest_route=%2Fwp%2Fv2%2Fmedia&parent=2223"}],"wp:term":[{"taxonomy":"category","embeddable":true,"href":"https:\/\/noticiasregionais.com.br\/index.php?rest_route=%2Fwp%2Fv2%2Fcategories&post=2223"},{"taxonomy":"post_tag","embeddable":true,"href":"https:\/\/noticiasregionais.com.br\/index.php?rest_route=%2Fwp%2Fv2%2Ftags&post=2223"}],"curies":[{"name":"wp","href":"https:\/\/api.w.org\/{rel}","templated":true}]}}