{"id":2226,"date":"2024-03-13T14:09:55","date_gmt":"2024-03-13T17:09:55","guid":{"rendered":"https:\/\/noticiasregionais.com.br\/?p=2226"},"modified":"2024-03-13T14:10:07","modified_gmt":"2024-03-13T17:10:07","slug":"k9-do-13o-baep-apreende-grande-quantidade-de-drogas-em-marilia","status":"publish","type":"post","link":"https:\/\/noticiasregionais.com.br\/?p=2226","title":{"rendered":"K9 do 13\u00ba BAEP apreende grande quantidade de drogas em Mar\u00edlia"},"content":{"rendered":"\n<p>Na tarde desta ter\u00e7a-feira (12), durante uma opera\u00e7\u00e3o conjunta do 13\u00ba BAEP e da 1\u00aa CAEP, a equipe K-9 Mar\u00edlia flagrou um indiv\u00edduo em atitude suspeita na Rua Monsenhor Jo\u00e3o Batista T\u00f3foli, no bairro Argolo Ferr\u00e3o, em Mar\u00edlia.<\/p>\n\n\n\n<p>Ao perceber a presen\u00e7a das equipes policiais, o indiv\u00edduo tentou fugir, mas foi rapidamente abordado. Durante a revista, os policiais localizaram um saco com drogas que o homem havia jogado no ch\u00e3o.<\/p>\n\n\n\n<p>No total, foram apreendidas:<\/p>\n\n\n\n<ul class=\"wp-block-list\">\n<li>1 por\u00e7\u00e3o a granel de maconha<\/li>\n\n\n\n<li>311 por\u00e7\u00f5es de maconha<\/li>\n\n\n\n<li>130 pedras de crack<\/li>\n\n\n\n<li>48 eppendorf de coca\u00edna<\/li>\n<\/ul>\n\n\n\n<p>O indiv\u00edduo foi autuado em flagrante pelo crime de tr\u00e1fico de drogas e encaminhado \u00e0 Delegacia de Pol\u00edcia Judici\u00e1ria de Mar\u00edlia, onde tamb\u00e9m foram apreendidos as drogas e o aparelho celular do autor.<\/p>\n<input type=\"hidden\" id=\"baseurl\" value=\"https:\/\/noticiasregionais.com.br\"><input type=\"hidden\" id=\"audio_nonce\" value=\"533fbb67b1\">","protected":false},"excerpt":{"rendered":"<p>Na tarde desta ter\u00e7a-feira (12), durante uma opera\u00e7\u00e3o conjunta do 13\u00ba BAEP e da 1\u00aa CAEP, a equipe K-9 Mar\u00edlia&hellip;<\/p>\n","protected":false},"author":1,"featured_media":2227,"comment_status":"closed","ping_status":"open","sticky":false,"template":"","format":"standard","meta":{"sfsi_plus_gutenberg_text_before_share":"","sfsi_plus_gutenberg_show_text_before_share":"","sfsi_plus_gutenberg_icon_type":"","sfsi_plus_gutenberg_icon_alignemt":"","sfsi_plus_gutenburg_max_per_row":"","footnotes":""},"categories":[6,10,1],"tags":[],"class_list":["post-2226","post","type-post","status-publish","format-standard","has-post-thumbnail","hentry","category-sao_paulo","category-destaques","category-noticias"],"_links":{"self":[{"href":"https:\/\/noticiasregionais.com.br\/index.php?rest_route=\/wp\/v2\/posts\/2226","targetHints":{"allow":["GET"]}}],"collection":[{"href":"https:\/\/noticiasregionais.com.br\/index.php?rest_route=\/wp\/v2\/posts"}],"about":[{"href":"https:\/\/noticiasregionais.com.br\/index.php?rest_route=\/wp\/v2\/types\/post"}],"author":[{"embeddable":true,"href":"https:\/\/noticiasregionais.com.br\/index.php?rest_route=\/wp\/v2\/users\/1"}],"replies":[{"embeddable":true,"href":"https:\/\/noticiasregionais.com.br\/index.php?rest_route=%2Fwp%2Fv2%2Fcomments&post=2226"}],"version-history":[{"count":1,"href":"https:\/\/noticiasregionais.com.br\/index.php?rest_route=\/wp\/v2\/posts\/2226\/revisions"}],"predecessor-version":[{"id":2228,"href":"https:\/\/noticiasregionais.com.br\/index.php?rest_route=\/wp\/v2\/posts\/2226\/revisions\/2228"}],"wp:featuredmedia":[{"embeddable":true,"href":"https:\/\/noticiasregionais.com.br\/index.php?rest_route=\/wp\/v2\/media\/2227"}],"wp:attachment":[{"href":"https:\/\/noticiasregionais.com.br\/index.php?rest_route=%2Fwp%2Fv2%2Fmedia&parent=2226"}],"wp:term":[{"taxonomy":"category","embeddable":true,"href":"https:\/\/noticiasregionais.com.br\/index.php?rest_route=%2Fwp%2Fv2%2Fcategories&post=2226"},{"taxonomy":"post_tag","embeddable":true,"href":"https:\/\/noticiasregionais.com.br\/index.php?rest_route=%2Fwp%2Fv2%2Ftags&post=2226"}],"curies":[{"name":"wp","href":"https:\/\/api.w.org\/{rel}","templated":true}]}}