{"id":2229,"date":"2024-03-13T14:21:41","date_gmt":"2024-03-13T17:21:41","guid":{"rendered":"https:\/\/noticiasregionais.com.br\/?p=2229"},"modified":"2024-03-13T14:21:45","modified_gmt":"2024-03-13T17:21:45","slug":"trio-e-preso-apos-furtar-e-tentar-furtar-supermercados-em-santa-cruz-do-rio-pardo","status":"publish","type":"post","link":"https:\/\/noticiasregionais.com.br\/?p=2229","title":{"rendered":"Trio \u00e9 preso ap\u00f3s furtar e tentar furtar supermercados em Santa Cruz do Rio Pardo"},"content":{"rendered":"\n<p>Na tarde de ontem (12), a Pol\u00edcia Militar de Santa Cruz do Rio Pardo prendeu em flagrante um trio acusado de furtar e tentar furtar dois supermercados da cidade. A a\u00e7\u00e3o r\u00e1pida dos policiais resultou na recupera\u00e7\u00e3o dos itens furtados e na pris\u00e3o dos criminosos.<\/p>\n\n\n\n<p>Tudo come\u00e7ou por volta das 15h15, quando a equipe do 31\u00ba BPM\/I foi acionada para atender uma ocorr\u00eancia de furto em um supermercado na Rua Catarina Etusuko Umezu. Ao chegarem ao local, os policiais flagraram um homem e uma mulher saindo do estabelecimento com diversos produtos sem pagar.<\/p>\n\n\n\n<p>Diante da situa\u00e7\u00e3o, os agentes realizaram a abordagem e constataram que os produtos, no valor total de R$ 500,00, estavam escondidos em uma bolsa que a mulher carregava. Ambos confessaram o crime e informaram que um terceiro comparsa os aguardava em um ve\u00edculo do lado de fora do supermercado.<\/p>\n\n\n\n<p>Com base nas informa\u00e7\u00f5es coletadas, os policiais localizaram o ve\u00edculo e abordaram o outro homem, que tamb\u00e9m foi preso em flagrante. Ele admitiu ter participado de um outro furto em um supermercado na mesma tarde, subtraindo R$ 300,00 em produtos.<\/p>\n\n\n\n<p>Diante dos fatos, os tr\u00eas indiv\u00edduos foram conduzidos \u00e0 Central de Pol\u00edcia Judici\u00e1ria, onde foram autuados em flagrante por Furto Consumado e Tentativa de Furto. O ve\u00edculo utilizado nos crimes foi apreendido e os itens recuperados foram devolvidos aos representantes dos supermercados.<\/p>\n\n\n\n<p>A a\u00e7\u00e3o da Pol\u00edcia Militar demonstra o compromisso da institui\u00e7\u00e3o com a seguran\u00e7a p\u00fablica e a repress\u00e3o ao crime. A r\u00e1pida resposta dos policiais evitou um preju\u00edzo ainda maior aos estabelecimentos comerciais e garantiu que os respons\u00e1veis pelos crimes sejam responsabilizados.<\/p>\n\n\n\n<p><strong>Informa\u00e7\u00f5es adicionais:<\/strong><\/p>\n\n\n\n<ul class=\"wp-block-list\">\n<li>Data e hora: 12 de mar\u00e7o de 2024, 15h15<\/li>\n\n\n\n<li>Local: Supermercados em Santa Cruz do Rio Pardo<\/li>\n\n\n\n<li>N\u00famero de pessoas presas: 3 (dois homens e uma mulher)<\/li>\n\n\n\n<li>Valor total dos produtos furtados: R$ 800,00<\/li>\n\n\n\n<li>Ve\u00edculo apreendido: Sim<\/li>\n\n\n\n<li>Itens recuperados: Sim<\/li>\n\n\n\n<li>Delegacia respons\u00e1vel: Central de Pol\u00edcia Judici\u00e1ria<\/li>\n<\/ul>\n<input type=\"hidden\" id=\"baseurl\" value=\"https:\/\/noticiasregionais.com.br\"><input type=\"hidden\" id=\"audio_nonce\" value=\"533fbb67b1\">","protected":false},"excerpt":{"rendered":"<p>Na tarde de ontem (12), a Pol\u00edcia Militar de Santa Cruz do Rio Pardo prendeu em flagrante um trio acusado&hellip;<\/p>\n","protected":false},"author":1,"featured_media":2230,"comment_status":"closed","ping_status":"open","sticky":false,"template":"","format":"standard","meta":{"sfsi_plus_gutenberg_text_before_share":"","sfsi_plus_gutenberg_show_text_before_share":"","sfsi_plus_gutenberg_icon_type":"","sfsi_plus_gutenberg_icon_alignemt":"","sfsi_plus_gutenburg_max_per_row":"","footnotes":""},"categories":[6,10,1],"tags":[],"class_list":["post-2229","post","type-post","status-publish","format-standard","has-post-thumbnail","hentry","category-sao_paulo","category-destaques","category-noticias"],"_links":{"self":[{"href":"https:\/\/noticiasregionais.com.br\/index.php?rest_route=\/wp\/v2\/posts\/2229","targetHints":{"allow":["GET"]}}],"collection":[{"href":"https:\/\/noticiasregionais.com.br\/index.php?rest_route=\/wp\/v2\/posts"}],"about":[{"href":"https:\/\/noticiasregionais.com.br\/index.php?rest_route=\/wp\/v2\/types\/post"}],"author":[{"embeddable":true,"href":"https:\/\/noticiasregionais.com.br\/index.php?rest_route=\/wp\/v2\/users\/1"}],"replies":[{"embeddable":true,"href":"https:\/\/noticiasregionais.com.br\/index.php?rest_route=%2Fwp%2Fv2%2Fcomments&post=2229"}],"version-history":[{"count":1,"href":"https:\/\/noticiasregionais.com.br\/index.php?rest_route=\/wp\/v2\/posts\/2229\/revisions"}],"predecessor-version":[{"id":2231,"href":"https:\/\/noticiasregionais.com.br\/index.php?rest_route=\/wp\/v2\/posts\/2229\/revisions\/2231"}],"wp:featuredmedia":[{"embeddable":true,"href":"https:\/\/noticiasregionais.com.br\/index.php?rest_route=\/wp\/v2\/media\/2230"}],"wp:attachment":[{"href":"https:\/\/noticiasregionais.com.br\/index.php?rest_route=%2Fwp%2Fv2%2Fmedia&parent=2229"}],"wp:term":[{"taxonomy":"category","embeddable":true,"href":"https:\/\/noticiasregionais.com.br\/index.php?rest_route=%2Fwp%2Fv2%2Fcategories&post=2229"},{"taxonomy":"post_tag","embeddable":true,"href":"https:\/\/noticiasregionais.com.br\/index.php?rest_route=%2Fwp%2Fv2%2Ftags&post=2229"}],"curies":[{"name":"wp","href":"https:\/\/api.w.org\/{rel}","templated":true}]}}