{"id":2232,"date":"2024-03-13T14:38:04","date_gmt":"2024-03-13T17:38:04","guid":{"rendered":"https:\/\/noticiasregionais.com.br\/?p=2232"},"modified":"2024-03-13T14:38:15","modified_gmt":"2024-03-13T17:38:15","slug":"associacao-de-eventos-culturais-de-jacarezinho-sera-a-organizadora-da-55a-fapi-de-ourinhos","status":"publish","type":"post","link":"https:\/\/noticiasregionais.com.br\/?p=2232","title":{"rendered":"Associa\u00e7\u00e3o de Eventos Culturais de Jacarezinho ser\u00e1 a organizadora da 55\u00aa FAPI de Ourinhos"},"content":{"rendered":"\n<p>A Comiss\u00e3o de Sele\u00e7\u00e3o de Propostas para a realiza\u00e7\u00e3o da 55\u00aa Feira Agropecu\u00e1ria e Industrial de Ourinhos (FAPI) se reuniu nesta quarta-feira (11) para analisar as propostas recebidas. A empresa &#8220;Equipe de Rodeio 3 Cora\u00e7\u00f5es Ltda&#8221; foi desclassificada por n\u00e3o atender aos requisitos m\u00ednimos, como ser uma entidade sem fins lucrativos com experi\u00eancia na organiza\u00e7\u00e3o de eventos.<\/p>\n\n\n\n<p>J\u00e1 a &#8220;Associa\u00e7\u00e3o de Eventos Culturais de Jacarezinho&#8221; foi aprovada por unanimidade. A entidade apresentou toda a documenta\u00e7\u00e3o exigida e possui experi\u00eancia na organiza\u00e7\u00e3o de eventos de grande porte. A FAPI 2024 ser\u00e1 realizada entre os dias 12 e 16 de junho no Parque de Exposi\u00e7\u00f5es Olavo Ferreira de Morais. A entrada ser\u00e1 franca e os shows ser\u00e3o gratuitos para a popula\u00e7\u00e3o.<\/p>\n\n\n\n<p><strong>Confira os principais pontos da decis\u00e3o da Comiss\u00e3o:<\/strong><\/p>\n\n\n\n<ul class=\"wp-block-list\">\n<li>A &#8220;Associa\u00e7\u00e3o de Eventos Culturais de Jacarezinho&#8221; foi escolhida por atender a todos os requisitos m\u00ednimos, como ser uma entidade sem fins lucrativos com experi\u00eancia na organiza\u00e7\u00e3o de eventos.<\/li>\n\n\n\n<li>A empresa &#8220;Equipe de Rodeio 3 Cora\u00e7\u00f5es Ltda&#8221; foi desclassificada por n\u00e3o ser uma entidade sem fins lucrativos.<\/li>\n\n\n\n<li>A FAPI 2024 ser\u00e1 realizada entre os dias 12 e 16 de junho no Parque de Exposi\u00e7\u00f5es Olavo Ferreira de Morais.<\/li>\n\n\n\n<li>A entrada ser\u00e1 franca e os shows ser\u00e3o gratuitos para a popula\u00e7\u00e3o.<\/li>\n<\/ul>\n\n\n\n<p><strong>Expectativas para a 55\u00aa FAPI:<\/strong><\/p>\n\n\n\n<p>A Comiss\u00e3o espera que a 55\u00aa FAPI seja um grande sucesso, com uma programa\u00e7\u00e3o diversificada para todos os p\u00fablicos. A expectativa \u00e9 que o evento movimente a economia da cidade e gere renda para os comerciantes locais.<\/p>\n<input type=\"hidden\" id=\"baseurl\" value=\"https:\/\/noticiasregionais.com.br\"><input type=\"hidden\" id=\"audio_nonce\" value=\"533fbb67b1\">","protected":false},"excerpt":{"rendered":"<p>A Comiss\u00e3o de Sele\u00e7\u00e3o de Propostas para a realiza\u00e7\u00e3o da 55\u00aa Feira Agropecu\u00e1ria e Industrial de Ourinhos (FAPI) se reuniu&hellip;<\/p>\n","protected":false},"author":1,"featured_media":2233,"comment_status":"closed","ping_status":"open","sticky":false,"template":"","format":"standard","meta":{"sfsi_plus_gutenberg_text_before_share":"","sfsi_plus_gutenberg_show_text_before_share":"","sfsi_plus_gutenberg_icon_type":"","sfsi_plus_gutenberg_icon_alignemt":"","sfsi_plus_gutenburg_max_per_row":"","footnotes":""},"categories":[5,10,1],"tags":[],"class_list":["post-2232","post","type-post","status-publish","format-standard","has-post-thumbnail","hentry","category-ourinhos","category-destaques","category-noticias"],"_links":{"self":[{"href":"https:\/\/noticiasregionais.com.br\/index.php?rest_route=\/wp\/v2\/posts\/2232","targetHints":{"allow":["GET"]}}],"collection":[{"href":"https:\/\/noticiasregionais.com.br\/index.php?rest_route=\/wp\/v2\/posts"}],"about":[{"href":"https:\/\/noticiasregionais.com.br\/index.php?rest_route=\/wp\/v2\/types\/post"}],"author":[{"embeddable":true,"href":"https:\/\/noticiasregionais.com.br\/index.php?rest_route=\/wp\/v2\/users\/1"}],"replies":[{"embeddable":true,"href":"https:\/\/noticiasregionais.com.br\/index.php?rest_route=%2Fwp%2Fv2%2Fcomments&post=2232"}],"version-history":[{"count":1,"href":"https:\/\/noticiasregionais.com.br\/index.php?rest_route=\/wp\/v2\/posts\/2232\/revisions"}],"predecessor-version":[{"id":2234,"href":"https:\/\/noticiasregionais.com.br\/index.php?rest_route=\/wp\/v2\/posts\/2232\/revisions\/2234"}],"wp:featuredmedia":[{"embeddable":true,"href":"https:\/\/noticiasregionais.com.br\/index.php?rest_route=\/wp\/v2\/media\/2233"}],"wp:attachment":[{"href":"https:\/\/noticiasregionais.com.br\/index.php?rest_route=%2Fwp%2Fv2%2Fmedia&parent=2232"}],"wp:term":[{"taxonomy":"category","embeddable":true,"href":"https:\/\/noticiasregionais.com.br\/index.php?rest_route=%2Fwp%2Fv2%2Fcategories&post=2232"},{"taxonomy":"post_tag","embeddable":true,"href":"https:\/\/noticiasregionais.com.br\/index.php?rest_route=%2Fwp%2Fv2%2Ftags&post=2232"}],"curies":[{"name":"wp","href":"https:\/\/api.w.org\/{rel}","templated":true}]}}