{"id":2235,"date":"2024-03-14T06:41:46","date_gmt":"2024-03-14T09:41:46","guid":{"rendered":"https:\/\/noticiasregionais.com.br\/?p=2235"},"modified":"2024-03-14T07:06:02","modified_gmt":"2024-03-14T10:06:02","slug":"governo-antecipa-decimo-terceiro-de-aposentados-e-pensionistas","status":"publish","type":"post","link":"https:\/\/noticiasregionais.com.br\/?p=2235","title":{"rendered":"Governo antecipa d\u00e9cimo terceiro de aposentados e pensionistas"},"content":{"rendered":"\n<p class=\"has-text-align-center\"><strong>Decreto est\u00e1 publicado no Di\u00e1rio Oficial desta quarta-feira<\/strong><\/p>\n\n\n\n<p>Decreto assinado pelo presidente Luiz In\u00e1cio Lula da Silva e publicado nesta quarta-feira (13) no&nbsp;<a href=\"https:\/\/www.in.gov.br\/en\/web\/dou\/-\/decreto-n-11.947-de-12-de-marco-de-2024-548022270\" target=\"_blank\" rel=\"noreferrer noopener\"><em>Di\u00e1rio Oficial da Uni\u00e3o<\/em><\/a>&nbsp;antecipa o pagamento do abono anual a aposentados e pensionistas, conhecido como d\u00e9cimo terceiro sal\u00e1rio de benefici\u00e1rios do Instituto Nacional do Seguro Social (INSS).<img decoding=\"async\" src=\"https:\/\/agenciabrasil.ebc.com.br\/ebc.png?id=1585445&amp;o=node\"><img decoding=\"async\" src=\"https:\/\/agenciabrasil.ebc.com.br\/ebc.gif?id=1585445&amp;o=node\"><\/p>\n\n\n\n<p>De acordo com o texto, a primeira&nbsp;parcela do abono anual ser\u00e1 paga na folha de abril e a segunda&nbsp;na folha de maio. T\u00eam direito ao benef\u00edcio segurados e dependentes da Previd\u00eancia Social que, durante o ano de 2024, tenham recebido aux\u00edlio por incapacidade tempor\u00e1ria, aux\u00edlio-acidente, aposentadoria, pens\u00e3o por morte ou aux\u00edlio-reclus\u00e3o.<\/p>\n\n\n\n<p>\u201cNa hip\u00f3tese de cessa\u00e7\u00e3o programada do benef\u00edcio antes de 31 de dezembro de 2024, ser\u00e1 pago o valor proporcional do abono anual ao benefici\u00e1rio\u201d, destaca\u00a0a publica\u00e7\u00e3o.<\/p>\n\n\n\n<p><sub><strong>fonte: Ag\u00eancia Brasil &#8211; EBC<\/strong><\/sub><\/p>\n<input type=\"hidden\" id=\"baseurl\" value=\"https:\/\/noticiasregionais.com.br\"><input type=\"hidden\" id=\"audio_nonce\" value=\"533fbb67b1\">","protected":false},"excerpt":{"rendered":"<p>Decreto est\u00e1 publicado no Di\u00e1rio Oficial desta quarta-feira Decreto assinado pelo presidente Luiz In\u00e1cio Lula da Silva e publicado nesta&hellip;<\/p>\n","protected":false},"author":1,"featured_media":2236,"comment_status":"closed","ping_status":"open","sticky":false,"template":"","format":"standard","meta":{"sfsi_plus_gutenberg_text_before_share":"","sfsi_plus_gutenberg_show_text_before_share":"","sfsi_plus_gutenberg_icon_type":"","sfsi_plus_gutenberg_icon_alignemt":"","sfsi_plus_gutenburg_max_per_row":"","footnotes":""},"categories":[8,10,1],"tags":[],"class_list":["post-2235","post","type-post","status-publish","format-standard","has-post-thumbnail","hentry","category-brasil","category-destaques","category-noticias"],"_links":{"self":[{"href":"https:\/\/noticiasregionais.com.br\/index.php?rest_route=\/wp\/v2\/posts\/2235","targetHints":{"allow":["GET"]}}],"collection":[{"href":"https:\/\/noticiasregionais.com.br\/index.php?rest_route=\/wp\/v2\/posts"}],"about":[{"href":"https:\/\/noticiasregionais.com.br\/index.php?rest_route=\/wp\/v2\/types\/post"}],"author":[{"embeddable":true,"href":"https:\/\/noticiasregionais.com.br\/index.php?rest_route=\/wp\/v2\/users\/1"}],"replies":[{"embeddable":true,"href":"https:\/\/noticiasregionais.com.br\/index.php?rest_route=%2Fwp%2Fv2%2Fcomments&post=2235"}],"version-history":[{"count":2,"href":"https:\/\/noticiasregionais.com.br\/index.php?rest_route=\/wp\/v2\/posts\/2235\/revisions"}],"predecessor-version":[{"id":2242,"href":"https:\/\/noticiasregionais.com.br\/index.php?rest_route=\/wp\/v2\/posts\/2235\/revisions\/2242"}],"wp:featuredmedia":[{"embeddable":true,"href":"https:\/\/noticiasregionais.com.br\/index.php?rest_route=\/wp\/v2\/media\/2236"}],"wp:attachment":[{"href":"https:\/\/noticiasregionais.com.br\/index.php?rest_route=%2Fwp%2Fv2%2Fmedia&parent=2235"}],"wp:term":[{"taxonomy":"category","embeddable":true,"href":"https:\/\/noticiasregionais.com.br\/index.php?rest_route=%2Fwp%2Fv2%2Fcategories&post=2235"},{"taxonomy":"post_tag","embeddable":true,"href":"https:\/\/noticiasregionais.com.br\/index.php?rest_route=%2Fwp%2Fv2%2Ftags&post=2235"}],"curies":[{"name":"wp","href":"https:\/\/api.w.org\/{rel}","templated":true}]}}