{"id":2243,"date":"2024-03-14T07:13:56","date_gmt":"2024-03-14T10:13:56","guid":{"rendered":"https:\/\/noticiasregionais.com.br\/?p=2243"},"modified":"2024-03-14T07:13:57","modified_gmt":"2024-03-14T10:13:57","slug":"fies-inscricoes-para-processo-seletivo-vao-ate-esta-sexta-feira-15","status":"publish","type":"post","link":"https:\/\/noticiasregionais.com.br\/?p=2243","title":{"rendered":"FIES: inscri\u00e7\u00f5es para processo seletivo v\u00e3o at\u00e9 esta sexta-feira (15)"},"content":{"rendered":"\n<p class=\"has-text-align-center\"><strong>Este ano, foram disponibilizadas 112.168 vagas para financiamento de curso superior. Desse total, 67.301 s\u00e3o para o processo seletivo do primeiro semestre deste ano<\/strong><\/p>\n\n\n\n<p>O prazo para se inscrever no processo seletivo do Fundo de Financiamento Estudantil (Fies), referente ao primeiro semestre de 2024, termina nesta sexta-feira (15). As inscri\u00e7\u00f5es s\u00e3o gratuitas e podem ser realizadas pelo Portal \u00danico de Acesso ao Ensino Superior.<\/p>\n\n\n\n<p>Este ano, foram disponibilizadas 112.168 vagas para financiamento de curso superior, de acordo com o Minist\u00e9rio da Educa\u00e7\u00e3o. Desse total, 67.301 s\u00e3o para o processo seletivo do primeiro semestre deste ano.&nbsp;<\/p>\n\n\n\n<p>Para se inscrever, \u00e9 preciso que o candidato tenha cadastro no <a href=\"https:\/\/acessounico.mec.gov.br\/fies\" target=\"_blank\" rel=\"noopener\">Login \u00danico do Governo Federal<\/a> e uma conta no gov.br. No ato da inscri\u00e7\u00e3o, \u00e9 preciso informar:<\/p>\n\n\n\n<ul class=\"wp-block-list\">\n<li>O CPF;&nbsp;<\/li>\n\n\n\n<li>O endere\u00e7o de e-mail pessoal v\u00e1lido;<\/li>\n\n\n\n<li>Os nomes dos membros do grupo familiar, com o n\u00famero de CPF dos membros com idade igual ou superior a 14 anos de idade, as respectivas datas de nascimento e, se for o caso, a renda bruta mensal de cada componente do grupo familiar. &nbsp;<\/li>\n<\/ul>\n\n\n\n<p>Al\u00e9m disso, o interessado precisa informar as tr\u00eas op\u00e7\u00f5es de curso, assim como o turno e local de oferta da institui\u00e7\u00e3o de educa\u00e7\u00e3o superior entre as dispon\u00edveis para inscri\u00e7\u00e3o, no mesmo grupo de prefer\u00eancia ou em grupos distintos, indicando a ordem de prioridade entre as suas op\u00e7\u00f5es. &nbsp;<\/p>\n\n\n\n<h2 class=\"wp-block-heading\">Crit\u00e9rios\u202f<\/h2>\n\n\n\n<p>Para se inscrever, o candidato&nbsp;precisa atender, cumulativamente, algumas condi\u00e7\u00f5es. S\u00e3o elas: &nbsp;<\/p>\n\n\n\n<ul class=\"wp-block-list\">\n<li>Ter participado do Exame Nacional do Ensino M\u00e9dio (Enem) a partir da edi\u00e7\u00e3o de 2010, com nota no Exame v\u00e1lida at\u00e9 o momento anterior \u00e0 abertura das inscri\u00e7\u00f5es para o processo seletivo do Fies 2024\/1;&nbsp;<\/li>\n\n\n\n<li>Ter obtido m\u00e9dia aritm\u00e9tica das notas nas cinco provas igual ou superior a 450 pontos e nota na prova de reda\u00e7\u00e3o superior a zero;&nbsp;<\/li>\n\n\n\n<li>N\u00e3o\u202fter participado\u202fdo\u202fEnem\u202fna condi\u00e7\u00e3o\u202fde\u202ftreineiro\u202f(candidato\u202fque n\u00e3o\u202fconcluiu\u202fo\u202fensino\u202fm\u00e9dio\u202fe participa do\u202fExame\u202fpara\u202ffins de autoavalia\u00e7\u00e3o);\u202fe&nbsp;<\/li>\n\n\n\n<li>Possuir renda familiar mensal bruta per capita de at\u00e9 tr\u00eas\u202fsal\u00e1rios m\u00ednimos. &nbsp;<\/li>\n<\/ul>\n\n\n\n<p>A obten\u00e7\u00e3o de m\u00e9dia m\u00ednima de notas no Enem e a observ\u00e2ncia ao limite de renda s\u00e3o apenas crit\u00e9rios para a inscri\u00e7\u00e3o no processo seletivo do Fies. A contrata\u00e7\u00e3o do financiamento depende da realiza\u00e7\u00e3o dos demais procedimentos previstos em edital que, obrigatoriamente, est\u00e3o condicionados \u00e0 classifica\u00e7\u00e3o e pr\u00e9-sele\u00e7\u00e3o do candidato. &nbsp; &nbsp;<\/p>\n\n\n\n<p><a href=\"https:\/\/brasil61.com\/n\/inflacao-e-de-0-83-em-fevereiro-puxada-pela-alta-nos-grupos-de-educacao-bras2411208\" target=\"_blank\" rel=\"noreferrer noopener\"><strong>Infla\u00e7\u00e3o \u00e9 de 0,83% em fevereiro, puxada pela alta nos grupos de Educa\u00e7\u00e3o<\/strong><\/a><\/p>\n\n\n\n<p><a href=\"https:\/\/brasil61.com\/n\/repasse-de-r-19-bilhoes-do-salario-educacao-traz-desafios-e-oportunidades-para-gestores-bras2410978\" target=\"_blank\" rel=\"noreferrer noopener\"><strong>Repasse de R$ 19 bilh\u00f5es do sal\u00e1rio-educa\u00e7\u00e3o traz desafios e oportunidades para gestores<\/strong><\/a><\/p>\n\n\n\n<p>Para essa edi\u00e7\u00e3o do programa, pelo menos 50% das vagas ser\u00e3o reservadas para o Fies Social. Essa modalidade tem como objetivo atender pessoas com renda familiar de at\u00e9 meio sal\u00e1rio m\u00ednimo, inscritas no Cadastro \u00danico para Programas Sociais do Governo Federal (Cad\u00danico). Para esse grupo, tamb\u00e9m h\u00e1 a possibilidade de financiamento de at\u00e9 100% dos encargos educacionais cobrados pela institui\u00e7\u00e3o de educa\u00e7\u00e3o superior. &nbsp;&nbsp;<br>&nbsp;<\/p>\n\n\n\n<p>Fonte: <a href=\"https:\/\/brasil61.com\/n\/fies-inscricoes-para-processo-seletivo-vao-ate-esta-sexta-feira-15-bras2411217?email=fxmendes2012@gmail.com&amp;utm_source=newsletter&amp;utm_medium=newsletter&amp;utm_campaign=newsletter\" target=\"_blank\" rel=\"noreferrer noopener\">Brasil 61<\/a><\/p>\n<input type=\"hidden\" id=\"baseurl\" value=\"https:\/\/noticiasregionais.com.br\"><input type=\"hidden\" id=\"audio_nonce\" value=\"533fbb67b1\">","protected":false},"excerpt":{"rendered":"<p>Este ano, foram disponibilizadas 112.168 vagas para financiamento de curso superior. Desse total, 67.301 s\u00e3o para o processo seletivo do&hellip;<\/p>\n","protected":false},"author":1,"featured_media":2244,"comment_status":"closed","ping_status":"open","sticky":false,"template":"","format":"standard","meta":{"sfsi_plus_gutenberg_text_before_share":"","sfsi_plus_gutenberg_show_text_before_share":"","sfsi_plus_gutenberg_icon_type":"","sfsi_plus_gutenberg_icon_alignemt":"","sfsi_plus_gutenburg_max_per_row":"","footnotes":""},"categories":[8,10,1],"tags":[],"class_list":["post-2243","post","type-post","status-publish","format-standard","has-post-thumbnail","hentry","category-brasil","category-destaques","category-noticias"],"_links":{"self":[{"href":"https:\/\/noticiasregionais.com.br\/index.php?rest_route=\/wp\/v2\/posts\/2243","targetHints":{"allow":["GET"]}}],"collection":[{"href":"https:\/\/noticiasregionais.com.br\/index.php?rest_route=\/wp\/v2\/posts"}],"about":[{"href":"https:\/\/noticiasregionais.com.br\/index.php?rest_route=\/wp\/v2\/types\/post"}],"author":[{"embeddable":true,"href":"https:\/\/noticiasregionais.com.br\/index.php?rest_route=\/wp\/v2\/users\/1"}],"replies":[{"embeddable":true,"href":"https:\/\/noticiasregionais.com.br\/index.php?rest_route=%2Fwp%2Fv2%2Fcomments&post=2243"}],"version-history":[{"count":1,"href":"https:\/\/noticiasregionais.com.br\/index.php?rest_route=\/wp\/v2\/posts\/2243\/revisions"}],"predecessor-version":[{"id":2245,"href":"https:\/\/noticiasregionais.com.br\/index.php?rest_route=\/wp\/v2\/posts\/2243\/revisions\/2245"}],"wp:featuredmedia":[{"embeddable":true,"href":"https:\/\/noticiasregionais.com.br\/index.php?rest_route=\/wp\/v2\/media\/2244"}],"wp:attachment":[{"href":"https:\/\/noticiasregionais.com.br\/index.php?rest_route=%2Fwp%2Fv2%2Fmedia&parent=2243"}],"wp:term":[{"taxonomy":"category","embeddable":true,"href":"https:\/\/noticiasregionais.com.br\/index.php?rest_route=%2Fwp%2Fv2%2Fcategories&post=2243"},{"taxonomy":"post_tag","embeddable":true,"href":"https:\/\/noticiasregionais.com.br\/index.php?rest_route=%2Fwp%2Fv2%2Ftags&post=2243"}],"curies":[{"name":"wp","href":"https:\/\/api.w.org\/{rel}","templated":true}]}}