{"id":2246,"date":"2024-03-14T07:20:08","date_gmt":"2024-03-14T10:20:08","guid":{"rendered":"https:\/\/noticiasregionais.com.br\/?p=2246"},"modified":"2024-03-14T07:20:21","modified_gmt":"2024-03-14T10:20:21","slug":"procuradoria-da-mulher-da-camara-de-ourinhos-realiza-exposicao-no-shopping-ourinhos-plaza","status":"publish","type":"post","link":"https:\/\/noticiasregionais.com.br\/?p=2246","title":{"rendered":"Procuradoria da Mulher da C\u00e2mara de Ourinhos realiza exposi\u00e7\u00e3o no Shopping Ourinhos Plaza"},"content":{"rendered":"\n<p class=\"has-text-align-center\"><strong>\u201cViol\u00eancia contra a Mulher: o problema tamb\u00e9m \u00e9 Nosso\u201d<\/strong><\/p>\n\n\n\n<p>Conhecimento e informa\u00e7\u00e3o s\u00e3o as bases para a conscientiza\u00e7\u00e3o sobre a viol\u00eancia contra a mulher.<\/p>\n\n\n\n<p>Por isso, a Procuradoria da Mulher da C\u00e2mara de Ourinhos idealizou a exposi\u00e7\u00e3o \u201cViol\u00eancia Contra a Mulher: o Problema tamb\u00e9m \u00e9 nosso!\u201d.<\/p>\n\n\n\n<p>A exposi\u00e7\u00e3o estar\u00e1 durante todo o m\u00eas de mar\u00e7o no Ourinhos Plaza, no piso Ouro (estacionamento coberto).<\/p>\n\n\n\n<p>O objetivo da mostra \u00e9 que os visitantes conhe\u00e7am todos os tipos de viol\u00eancia contra a mulher, para que saibam identifica-las&nbsp;e&nbsp;combat\u00ea-las.<\/p>\n<input type=\"hidden\" id=\"baseurl\" value=\"https:\/\/noticiasregionais.com.br\"><input type=\"hidden\" id=\"audio_nonce\" value=\"533fbb67b1\">","protected":false},"excerpt":{"rendered":"<p>\u201cViol\u00eancia contra a Mulher: o problema tamb\u00e9m \u00e9 Nosso\u201d Conhecimento e informa\u00e7\u00e3o s\u00e3o as bases para a conscientiza\u00e7\u00e3o sobre a&hellip;<\/p>\n","protected":false},"author":1,"featured_media":2247,"comment_status":"closed","ping_status":"open","sticky":false,"template":"","format":"standard","meta":{"sfsi_plus_gutenberg_text_before_share":"","sfsi_plus_gutenberg_show_text_before_share":"","sfsi_plus_gutenberg_icon_type":"","sfsi_plus_gutenberg_icon_alignemt":"","sfsi_plus_gutenburg_max_per_row":"","footnotes":""},"categories":[5,12,1],"tags":[],"class_list":["post-2246","post","type-post","status-publish","format-standard","has-post-thumbnail","hentry","category-ourinhos","category-capa","category-noticias"],"_links":{"self":[{"href":"https:\/\/noticiasregionais.com.br\/index.php?rest_route=\/wp\/v2\/posts\/2246","targetHints":{"allow":["GET"]}}],"collection":[{"href":"https:\/\/noticiasregionais.com.br\/index.php?rest_route=\/wp\/v2\/posts"}],"about":[{"href":"https:\/\/noticiasregionais.com.br\/index.php?rest_route=\/wp\/v2\/types\/post"}],"author":[{"embeddable":true,"href":"https:\/\/noticiasregionais.com.br\/index.php?rest_route=\/wp\/v2\/users\/1"}],"replies":[{"embeddable":true,"href":"https:\/\/noticiasregionais.com.br\/index.php?rest_route=%2Fwp%2Fv2%2Fcomments&post=2246"}],"version-history":[{"count":1,"href":"https:\/\/noticiasregionais.com.br\/index.php?rest_route=\/wp\/v2\/posts\/2246\/revisions"}],"predecessor-version":[{"id":2248,"href":"https:\/\/noticiasregionais.com.br\/index.php?rest_route=\/wp\/v2\/posts\/2246\/revisions\/2248"}],"wp:featuredmedia":[{"embeddable":true,"href":"https:\/\/noticiasregionais.com.br\/index.php?rest_route=\/wp\/v2\/media\/2247"}],"wp:attachment":[{"href":"https:\/\/noticiasregionais.com.br\/index.php?rest_route=%2Fwp%2Fv2%2Fmedia&parent=2246"}],"wp:term":[{"taxonomy":"category","embeddable":true,"href":"https:\/\/noticiasregionais.com.br\/index.php?rest_route=%2Fwp%2Fv2%2Fcategories&post=2246"},{"taxonomy":"post_tag","embeddable":true,"href":"https:\/\/noticiasregionais.com.br\/index.php?rest_route=%2Fwp%2Fv2%2Ftags&post=2246"}],"curies":[{"name":"wp","href":"https:\/\/api.w.org\/{rel}","templated":true}]}}