{"id":2249,"date":"2024-03-14T08:12:48","date_gmt":"2024-03-14T11:12:48","guid":{"rendered":"https:\/\/noticiasregionais.com.br\/?p=2249"},"modified":"2024-03-14T14:49:59","modified_gmt":"2024-03-14T17:49:59","slug":"preparem-as-naves-3o-encontro-de-antigos-rebaixados-agita-canitar-em-maio","status":"publish","type":"post","link":"https:\/\/noticiasregionais.com.br\/?p=2249","title":{"rendered":"Preparem as naves: 3\u00ba Encontro de Antigos &#038; Rebaixados agita Canitar em Maio"},"content":{"rendered":"\n<p>A cidade de Canitar, no interior de S\u00e3o Paulo, se prepara para receber a 3\u00aa edi\u00e7\u00e3o do Encontro de Antigos &amp; Rebaixados, um evento que re\u00fane apaixonados por carros antigos, rebaixados, som automotivo, motocicletas e ve\u00edculos customizados. Organizado pelo grupo SAIA SOBRE RODAS, que re\u00fane mulheres amantes de carros equipados e rebaixados, o encontro acontece no dia <strong>5 de maio<\/strong>, a partir das 9 horas da manh\u00e3, no <strong>Est\u00e1dio Municipal<\/strong>, atr\u00e1s da rodovi\u00e1ria de Canitar.<\/p>\n\n\n\n<p><strong>Tradi\u00e7\u00e3o e novidades<\/strong><\/p>\n\n\n\n<p>Com o apoio da Prefeitura Municipal e da Secretaria de Cultura e Turismo de Canitar, o evento j\u00e1 se consolidou no calend\u00e1rio da cidade, reunindo centenas de ve\u00edculos e atraindo milhares de pessoas de Canitar e regi\u00e3o.<\/p>\n\n\n\n<p>Nesta edi\u00e7\u00e3o, al\u00e9m da tradicional exposi\u00e7\u00e3o de carros, o encontro ter\u00e1 diversas atra\u00e7\u00f5es, como:<\/p>\n\n\n\n<ul class=\"wp-block-list\">\n<li><strong>Sorteios<\/strong>&nbsp;para os participantes inscritos<\/li>\n\n\n\n<li><strong>Premia\u00e7\u00f5es<\/strong>&nbsp;por altura, por categoria: Mais baixo na fixa, Mais baixo na ar e Mais baixo na rosca<\/li>\n\n\n\n<li><strong>Jurados<\/strong>&nbsp;renomados<\/li>\n\n\n\n<li><strong>Ampla pra\u00e7a de alimenta\u00e7\u00e3o<\/strong><\/li>\n\n\n\n<li><strong>Feirinha de expositores<\/strong><\/li>\n<\/ul>\n\n\n\n<p><strong>Participe!<\/strong><\/p>\n\n\n\n<p>Se voc\u00ea \u00e9 apaixonado por carros antigos, rebaixados ou simplesmente quer curtir um dia em fam\u00edlia com muita m\u00fasica e divers\u00e3o, o 3\u00ba Encontro de Antigos &amp; Rebaixados \u00e9 o lugar ideal para voc\u00ea.<\/p>\n\n\n\n<p><strong>Para vender seus produtos ou ser um patrocinador, entre em contato com Kelly Xavier pelo WhatsApp (14) 99782-7658.<\/strong><\/p>\n\n\n\n<p><strong>Siga o Instagram &#8220;@3encontrobaixoscanitar&#8221; para ficar a par de todas as novidades.<\/strong><\/p>\n\n\n\n<p><strong>Servi\u00e7o:<\/strong><\/p>\n\n\n\n<ul class=\"wp-block-list\">\n<li><strong>Evento:<\/strong>&nbsp;3\u00ba Encontro de Antigos &amp; Rebaixados<\/li>\n\n\n\n<li><strong>Data:<\/strong>&nbsp;5 de maio de 2024<\/li>\n\n\n\n<li><strong>Hor\u00e1rio:<\/strong>&nbsp;A partir das 9 horas<\/li>\n\n\n\n<li><strong>Local:<\/strong>&nbsp;Est\u00e1dio Municipal de Canitar (atr\u00e1s da rodovi\u00e1ria)<\/li>\n\n\n\n<li><strong>Entrada:<\/strong>&nbsp;Gratuita<\/li>\n<\/ul>\n\n\n\n<p><strong>Informa\u00e7\u00f5es:<\/strong><\/p>\n\n\n\n<ul class=\"wp-block-list\">\n<li>Instagram: &#8220;@3encontrobaixoscanitar&#8221;<\/li>\n\n\n\n<li>WhatsApp: (14) 99782-7658 (Kelly Xavier)<\/li>\n<\/ul>\n\n\n\n<p><strong>Venha celebrar a paix\u00e3o por carros e fazer parte dessa grande festa!<\/strong><\/p>\n\n\n\n<figure class=\"wp-block-image size-large\"><img decoding=\"async\" width=\"1024\" height=\"808\" src=\"https:\/\/noticiasregionais.com.br\/wp-content\/uploads\/2024\/03\/Encontro-Automobilistico-Saia-Sobre-Rodas-14-1024x808.jpeg\" alt=\"\" class=\"wp-image-2250\" srcset=\"https:\/\/noticiasregionais.com.br\/wp-content\/uploads\/2024\/03\/Encontro-Automobilistico-Saia-Sobre-Rodas-14-1024x808.jpeg 1024w, https:\/\/noticiasregionais.com.br\/wp-content\/uploads\/2024\/03\/Encontro-Automobilistico-Saia-Sobre-Rodas-14-300x237.jpeg 300w, https:\/\/noticiasregionais.com.br\/wp-content\/uploads\/2024\/03\/Encontro-Automobilistico-Saia-Sobre-Rodas-14-768x606.jpeg 768w, https:\/\/noticiasregionais.com.br\/wp-content\/uploads\/2024\/03\/Encontro-Automobilistico-Saia-Sobre-Rodas-14.jpeg 1139w\" sizes=\"(max-width: 1024px) 100vw, 1024px\" \/><\/figure>\n<input type=\"hidden\" id=\"baseurl\" value=\"https:\/\/noticiasregionais.com.br\"><input type=\"hidden\" id=\"audio_nonce\" value=\"533fbb67b1\">","protected":false},"excerpt":{"rendered":"<p>A cidade de Canitar, no interior de S\u00e3o Paulo, se prepara para receber a 3\u00aa edi\u00e7\u00e3o do Encontro de Antigos&hellip;<\/p>\n","protected":false},"author":1,"featured_media":2251,"comment_status":"closed","ping_status":"open","sticky":false,"template":"","format":"standard","meta":{"sfsi_plus_gutenberg_text_before_share":"","sfsi_plus_gutenberg_show_text_before_share":"","sfsi_plus_gutenberg_icon_type":"","sfsi_plus_gutenberg_icon_alignemt":"","sfsi_plus_gutenburg_max_per_row":"","footnotes":""},"categories":[6,10,1],"tags":[],"class_list":["post-2249","post","type-post","status-publish","format-standard","has-post-thumbnail","hentry","category-sao_paulo","category-destaques","category-noticias"],"_links":{"self":[{"href":"https:\/\/noticiasregionais.com.br\/index.php?rest_route=\/wp\/v2\/posts\/2249","targetHints":{"allow":["GET"]}}],"collection":[{"href":"https:\/\/noticiasregionais.com.br\/index.php?rest_route=\/wp\/v2\/posts"}],"about":[{"href":"https:\/\/noticiasregionais.com.br\/index.php?rest_route=\/wp\/v2\/types\/post"}],"author":[{"embeddable":true,"href":"https:\/\/noticiasregionais.com.br\/index.php?rest_route=\/wp\/v2\/users\/1"}],"replies":[{"embeddable":true,"href":"https:\/\/noticiasregionais.com.br\/index.php?rest_route=%2Fwp%2Fv2%2Fcomments&post=2249"}],"version-history":[{"count":1,"href":"https:\/\/noticiasregionais.com.br\/index.php?rest_route=\/wp\/v2\/posts\/2249\/revisions"}],"predecessor-version":[{"id":2252,"href":"https:\/\/noticiasregionais.com.br\/index.php?rest_route=\/wp\/v2\/posts\/2249\/revisions\/2252"}],"wp:featuredmedia":[{"embeddable":true,"href":"https:\/\/noticiasregionais.com.br\/index.php?rest_route=\/wp\/v2\/media\/2251"}],"wp:attachment":[{"href":"https:\/\/noticiasregionais.com.br\/index.php?rest_route=%2Fwp%2Fv2%2Fmedia&parent=2249"}],"wp:term":[{"taxonomy":"category","embeddable":true,"href":"https:\/\/noticiasregionais.com.br\/index.php?rest_route=%2Fwp%2Fv2%2Fcategories&post=2249"},{"taxonomy":"post_tag","embeddable":true,"href":"https:\/\/noticiasregionais.com.br\/index.php?rest_route=%2Fwp%2Fv2%2Ftags&post=2249"}],"curies":[{"name":"wp","href":"https:\/\/api.w.org\/{rel}","templated":true}]}}