{"id":2253,"date":"2024-03-14T14:46:20","date_gmt":"2024-03-14T17:46:20","guid":{"rendered":"https:\/\/noticiasregionais.com.br\/?p=2253"},"modified":"2024-03-14T14:46:31","modified_gmt":"2024-03-14T17:46:31","slug":"licitacao-para-concessao-de-agua-e-esgoto-em-ourinhos-e-suspensa-pela-justica","status":"publish","type":"post","link":"https:\/\/noticiasregionais.com.br\/?p=2253","title":{"rendered":"Licita\u00e7\u00e3o para Concess\u00e3o de \u00c1gua e Esgoto em Ourinhos \u00e9 Suspensa pela Justi\u00e7a"},"content":{"rendered":"\n<p>A ju\u00edza Alessandra Mendes Spalding, da 2\u00aa Vara C\u00edvel de Ourinhos, suspendeu na tarde de ontem (13) a Concorr\u00eancia P\u00fablica n\u00ba 15\/2023, que tinha como objeto a sele\u00e7\u00e3o da melhor proposta para a \u201coutorga da concess\u00e3o do servi\u00e7o p\u00fablico de abastecimento de \u00e1gua e esgotamento sanit\u00e1rio\u201d do munic\u00edpio. A decis\u00e3o atende a um pedido de liminar feito pela empresa CS Infra S\/A, que alegou diversas imprecis\u00f5es no edital.<\/p>\n\n\n\n<p>A CS Infra S\/A questionou principalmente a responsabilidade da futura concession\u00e1ria pelo cumprimento de obriga\u00e7\u00f5es pactuadas em dois Termos de Ajustamento de Conduta (TACs) firmados entre a Superintend\u00eancia de \u00c1gua e Esgoto (SAE) e o Minist\u00e9rio P\u00fablico do Estado de S\u00e3o Paulo. A empresa argumentou que o edital n\u00e3o era claro sobre a divis\u00e3o de responsabilidades e que isso poderia prejudicar a precifica\u00e7\u00e3o da concess\u00e3o e das propostas a serem ofertadas.<\/p>\n\n\n\n<p>Na decis\u00e3o, a ju\u00edza reconhece que o edital \u201caparentemente cont\u00e9m imprecis\u00f5es\u201d e que \u201ca abertura das propostas est\u00e1 agendada para o pr\u00f3ximo dia 14 de mar\u00e7o\u201d, o que justifica a suspens\u00e3o da licita\u00e7\u00e3o para evitar \u201cinefic\u00e1cia da medida caso ao final a seguran\u00e7a seja concedida\u201d.<\/p>\n\n\n\n<p>A magistrada tamb\u00e9m determinou que a Prefeitura de Ourinhos preste informa\u00e7\u00f5es sobre o caso no prazo de 10 dias e que o Minist\u00e9rio P\u00fablico seja ouvido.<\/p>\n\n\n\n<p>A suspens\u00e3o da licita\u00e7\u00e3o para a concess\u00e3o dos servi\u00e7os de \u00e1gua e esgoto em Ourinhos \u00e9 um rev\u00e9s para a Prefeitura, que buscava uma solu\u00e7\u00e3o para a gest\u00e3o desses servi\u00e7os. A decis\u00e3o da Justi\u00e7a, no entanto, demonstra a import\u00e2ncia de se garantir a clareza e a transpar\u00eancia em processos licitat\u00f3rios, especialmente quando se trata de servi\u00e7os essenciais \u00e0 popula\u00e7\u00e3o.<\/p>\n\n\n\n<p><strong>Outras informa\u00e7\u00f5es:<\/strong><\/p>\n\n\n\n<ul class=\"wp-block-list\">\n<li>A CS Infra S\/A tamb\u00e9m apresentou uma impugna\u00e7\u00e3o ao edital, que ainda n\u00e3o foi apreciada pela Prefeitura.<\/li>\n\n\n\n<li>O TAC 2022 prev\u00ea a necessidade de incluir no edital e contrato, com ampla publicidade, as informa\u00e7\u00f5es pormenorizadas acerca do compromisso de ajustamento de conduta, para que sejam cumpridas as obriga\u00e7\u00f5es pactuadas, inclusive sob pena de caducidade do contrato, al\u00e9m de outras san\u00e7\u00f5es cab\u00edveis.<\/li>\n\n\n\n<li>A decis\u00e3o da ju\u00edza Alessandra Mendes Spalding pode ser consultada no site do Tribunal de Justi\u00e7a de S\u00e3o Paulo.<\/li>\n<\/ul>\n\n\n\n<p><strong>Impacto da decis\u00e3o:<\/strong><\/p>\n\n\n\n<ul class=\"wp-block-list\">\n<li>A suspens\u00e3o da licita\u00e7\u00e3o pode atrasar a concess\u00e3o dos servi\u00e7os de abastecimento de \u00e1gua e esgotamento sanit\u00e1rio em Ourinhos.<\/li>\n\n\n\n<li>A Prefeitura de Ourinhos ter\u00e1 que retificar e republiar o edital da licita\u00e7\u00e3o, o que pode levar alguns meses.<\/li>\n\n\n\n<li>As empresas interessadas em participar da licita\u00e7\u00e3o ter\u00e3o que refazer suas propostas.<\/li>\n<\/ul>\n\n\n\n<p><strong>O que esperar:<\/strong><\/p>\n\n\n\n<ul class=\"wp-block-list\">\n<li>A Prefeitura de Ourinhos deve se manifestar sobre a decis\u00e3o da Justi\u00e7a nos pr\u00f3ximos dias.<\/li>\n\n\n\n<li>A CS Infra S\/A pode recorrer da decis\u00e3o da Justi\u00e7a.<\/li>\n\n\n\n<li>O Minist\u00e9rio P\u00fablico pode se manifestar sobre o caso.<\/li>\n\n\n\n<li>A licita\u00e7\u00e3o para a concess\u00e3o dos servi\u00e7os de \u00e1gua e esgoto em Ourinhos deve ser retomada em breve, mas ainda n\u00e3o h\u00e1 uma data definida.<\/li>\n<\/ul>\n<input type=\"hidden\" id=\"baseurl\" value=\"https:\/\/noticiasregionais.com.br\"><input type=\"hidden\" id=\"audio_nonce\" value=\"533fbb67b1\">","protected":false},"excerpt":{"rendered":"<p>A ju\u00edza Alessandra Mendes Spalding, da 2\u00aa Vara C\u00edvel de Ourinhos, suspendeu na tarde de ontem (13) a Concorr\u00eancia P\u00fablica&hellip;<\/p>\n","protected":false},"author":1,"featured_media":467,"comment_status":"closed","ping_status":"open","sticky":false,"template":"","format":"standard","meta":{"sfsi_plus_gutenberg_text_before_share":"","sfsi_plus_gutenberg_show_text_before_share":"","sfsi_plus_gutenberg_icon_type":"","sfsi_plus_gutenberg_icon_alignemt":"","sfsi_plus_gutenburg_max_per_row":"","footnotes":""},"categories":[5,12,1],"tags":[],"class_list":["post-2253","post","type-post","status-publish","format-standard","has-post-thumbnail","hentry","category-ourinhos","category-capa","category-noticias"],"_links":{"self":[{"href":"https:\/\/noticiasregionais.com.br\/index.php?rest_route=\/wp\/v2\/posts\/2253","targetHints":{"allow":["GET"]}}],"collection":[{"href":"https:\/\/noticiasregionais.com.br\/index.php?rest_route=\/wp\/v2\/posts"}],"about":[{"href":"https:\/\/noticiasregionais.com.br\/index.php?rest_route=\/wp\/v2\/types\/post"}],"author":[{"embeddable":true,"href":"https:\/\/noticiasregionais.com.br\/index.php?rest_route=\/wp\/v2\/users\/1"}],"replies":[{"embeddable":true,"href":"https:\/\/noticiasregionais.com.br\/index.php?rest_route=%2Fwp%2Fv2%2Fcomments&post=2253"}],"version-history":[{"count":1,"href":"https:\/\/noticiasregionais.com.br\/index.php?rest_route=\/wp\/v2\/posts\/2253\/revisions"}],"predecessor-version":[{"id":2254,"href":"https:\/\/noticiasregionais.com.br\/index.php?rest_route=\/wp\/v2\/posts\/2253\/revisions\/2254"}],"wp:featuredmedia":[{"embeddable":true,"href":"https:\/\/noticiasregionais.com.br\/index.php?rest_route=\/wp\/v2\/media\/467"}],"wp:attachment":[{"href":"https:\/\/noticiasregionais.com.br\/index.php?rest_route=%2Fwp%2Fv2%2Fmedia&parent=2253"}],"wp:term":[{"taxonomy":"category","embeddable":true,"href":"https:\/\/noticiasregionais.com.br\/index.php?rest_route=%2Fwp%2Fv2%2Fcategories&post=2253"},{"taxonomy":"post_tag","embeddable":true,"href":"https:\/\/noticiasregionais.com.br\/index.php?rest_route=%2Fwp%2Fv2%2Ftags&post=2253"}],"curies":[{"name":"wp","href":"https:\/\/api.w.org\/{rel}","templated":true}]}}