{"id":2255,"date":"2024-03-15T07:14:36","date_gmt":"2024-03-15T10:14:36","guid":{"rendered":"https:\/\/noticiasregionais.com.br\/?p=2255"},"modified":"2024-03-15T07:14:48","modified_gmt":"2024-03-15T10:14:48","slug":"sexta-feira-15-com-onda-de-calor-para-sp-mg-e-rj-em-ourinhos-maxima-chega-a-37o","status":"publish","type":"post","link":"https:\/\/noticiasregionais.com.br\/?p=2255","title":{"rendered":"Sexta-feira (15) com onda de calor para SP, MG e RJ &#8211; Em Ourinhos m\u00e1xima chega a 37\u00ba"},"content":{"rendered":"\n<p>Nesta sexta-feira (15), o dia come\u00e7a com c\u00e9u encoberto em Minas Gerais e Esp\u00edrito Santo. Pode chover no noroeste mineiro. Sol com poucas nuvens no estado de S\u00e3o Paulo e do Rio de Janeiro durante a manh\u00e3.<\/p>\n\n\n\n<p>\u00c0 tarde e \u00e0 noite, a previs\u00e3o do tempo indica muitas nuvens em todo o territ\u00f3rio do Sudeste. Pancadas de chuvas r\u00e1pidas, acompanhadas de trovoadas, no noroeste de Minas.<\/p>\n\n\n\n<p>O Instituto Nacional de Meteorologia, o Inmet, emitiu um alerta para onda de calor. A temperatura fica 5\u00baC acima da m\u00e9dia at\u00e9 o dia 16 de mar\u00e7o.<\/p>\n\n\n\n<p>Este alerta \u00e9 v\u00e1lido para os estados: S\u00e3o Paulo, Rio de Janeiro e Minas Gerais, abrangendo munic\u00edpios como Osasco (SP), Rio Bonito (RJ) e Belo Horizonte (MG).<\/p>\n\n\n\n<p>Segundo o Minist\u00e9rio da Sa\u00fade, essas condi\u00e7\u00f5es podem impactar a sa\u00fade de toda a popula\u00e7\u00e3o, principalmente idosos, crian\u00e7as, pessoas com problemas renais, card\u00edacos, entre outros. Alguns cuidados recomendados s\u00e3o:<\/p>\n\n\n\n<ul class=\"wp-block-list\">\n<li>evite a exposi\u00e7\u00e3o direta ao sol, em especial, de 10h \u00e0s 16h;<\/li>\n\n\n\n<li>use protetor solar;<\/li>\n\n\n\n<li>proteja as crian\u00e7as com chap\u00e9u de abas;<\/li>\n\n\n\n<li>use roupas leves e que n\u00e3o ret\u00eam muito calor;<\/li>\n\n\n\n<li>n\u00e3o deixe crian\u00e7as ou animais em ve\u00edculos estacionados.<\/li>\n<\/ul>\n\n\n\n<p>Em casos de transpira\u00e7\u00e3o excessiva, fraqueza, tontura, n\u00e1useas, dor de cabe\u00e7a, c\u00e3ibras musculares e diarreia, deve-se procurar a unidade de sa\u00fade mais pr\u00f3xima para avalia\u00e7\u00e3o de um profissional.<\/p>\n\n\n\n<p>A temperatura m\u00ednima fica em torno de 14\u00b0C, em Nova Friburgo, no Rio de Janeiro, e a m\u00e1xima prevista \u00e9 de 38\u00baC, em Presidente Prudente, em S\u00e3o Paulo. A umidade relativa do ar varia entre 30% e 90%.<\/p>\n\n\n\n<p>As informa\u00e7\u00f5es s\u00e3o do Instituto Nacional de Meteorologia e Minist\u00e9rio da Sa\u00fade.<\/p>\n\n\n\n<p>Fonte: <a href=\"https:\/\/brasil61.com\/n\/previsao-do-tempo-sexta-feira-15-com-onda-de-calor-para-mg-sp-e-rj-ptsd243352?email=fxmendes2012@gmail.com&amp;utm_source=newsletter&amp;utm_medium=newsletter&amp;utm_campaign=newsletter\" target=\"_blank\" rel=\"noreferrer noopener\">Brasil 61<\/a><\/p>\n<input type=\"hidden\" id=\"baseurl\" value=\"https:\/\/noticiasregionais.com.br\"><input type=\"hidden\" id=\"audio_nonce\" value=\"533fbb67b1\">","protected":false},"excerpt":{"rendered":"<p>Nesta sexta-feira (15), o dia come\u00e7a com c\u00e9u encoberto em Minas Gerais e Esp\u00edrito Santo. Pode chover no noroeste mineiro.&hellip;<\/p>\n","protected":false},"author":1,"featured_media":2256,"comment_status":"closed","ping_status":"open","sticky":false,"template":"","format":"standard","meta":{"sfsi_plus_gutenberg_text_before_share":"","sfsi_plus_gutenberg_show_text_before_share":"","sfsi_plus_gutenberg_icon_type":"","sfsi_plus_gutenberg_icon_alignemt":"","sfsi_plus_gutenburg_max_per_row":"","footnotes":""},"categories":[8,10,1],"tags":[],"class_list":["post-2255","post","type-post","status-publish","format-standard","has-post-thumbnail","hentry","category-brasil","category-destaques","category-noticias"],"_links":{"self":[{"href":"https:\/\/noticiasregionais.com.br\/index.php?rest_route=\/wp\/v2\/posts\/2255","targetHints":{"allow":["GET"]}}],"collection":[{"href":"https:\/\/noticiasregionais.com.br\/index.php?rest_route=\/wp\/v2\/posts"}],"about":[{"href":"https:\/\/noticiasregionais.com.br\/index.php?rest_route=\/wp\/v2\/types\/post"}],"author":[{"embeddable":true,"href":"https:\/\/noticiasregionais.com.br\/index.php?rest_route=\/wp\/v2\/users\/1"}],"replies":[{"embeddable":true,"href":"https:\/\/noticiasregionais.com.br\/index.php?rest_route=%2Fwp%2Fv2%2Fcomments&post=2255"}],"version-history":[{"count":1,"href":"https:\/\/noticiasregionais.com.br\/index.php?rest_route=\/wp\/v2\/posts\/2255\/revisions"}],"predecessor-version":[{"id":2257,"href":"https:\/\/noticiasregionais.com.br\/index.php?rest_route=\/wp\/v2\/posts\/2255\/revisions\/2257"}],"wp:featuredmedia":[{"embeddable":true,"href":"https:\/\/noticiasregionais.com.br\/index.php?rest_route=\/wp\/v2\/media\/2256"}],"wp:attachment":[{"href":"https:\/\/noticiasregionais.com.br\/index.php?rest_route=%2Fwp%2Fv2%2Fmedia&parent=2255"}],"wp:term":[{"taxonomy":"category","embeddable":true,"href":"https:\/\/noticiasregionais.com.br\/index.php?rest_route=%2Fwp%2Fv2%2Fcategories&post=2255"},{"taxonomy":"post_tag","embeddable":true,"href":"https:\/\/noticiasregionais.com.br\/index.php?rest_route=%2Fwp%2Fv2%2Ftags&post=2255"}],"curies":[{"name":"wp","href":"https:\/\/api.w.org\/{rel}","templated":true}]}}