{"id":2265,"date":"2024-03-17T11:26:11","date_gmt":"2024-03-17T14:26:11","guid":{"rendered":"https:\/\/noticiasregionais.com.br\/?p=2265"},"modified":"2024-03-17T11:26:24","modified_gmt":"2024-03-17T14:26:24","slug":"prf-apreende-carga-ilegal-de-iphones-avaliada-em-r-15-milhao","status":"publish","type":"post","link":"https:\/\/noticiasregionais.com.br\/?p=2265","title":{"rendered":"PRF apreende carga ilegal de iPhones avaliada em R$ 1,5 milh\u00e3o"},"content":{"rendered":"\n<p class=\"has-text-align-center\"><strong>Carga foi encontrada em Ourinhos\/SP e seria levada para a capital paulista<\/strong><\/p>\n\n\n\n<p>Uma equipe da Pol\u00edcia Rodovi\u00e1ria Federal prendeu, na tarde deste s\u00e1bado (16\/3), um homem de 41 anos dirigia pela BR-153, rodovia Transbrasiliana, quando passava por Ourinhos\/SP. Em seu carro foram encontrados 187 aparelhos de telefonia celular da fabricante Apple sem a devida comprova\u00e7\u00e3o fiscal de origem. Os equipamentos foram apreendidos e o o motorista preso.<\/p>\n\n\n\n<p>O flagrante ocorreu no km 338, por volta das 14 horas, quando os policiais rodovi\u00e1rios federais deram ordem de parada ao condutor de um Hyundai Creta que passava pr\u00f3ximo \u00e0 divisa entre os estados de S\u00e3o Paulo e Paran\u00e1. Durante a fiscaliza\u00e7\u00e3o, eles perceberam sinais de altera\u00e7\u00e3o na carenagem do ve\u00edculo, o qual n\u00e3o estava em nome do motorista. Durante uma verifica\u00e7\u00e3o mais detalhada, os PRFs decidiram retirar o para-choque traseiro e descobriram diversos aparelhos de telefonia escondidos. A maior parte era do modelo iPhone 15 Pro-Max, com pre\u00e7o de mercado em aproximadamente R$ 8.500,00,<\/p>\n\n\n\n<p>O homem informou aos policiais que pegou os iPhones em Cascavel\/PR, distante cerca de 900 quil\u00f4metros da capital paulista, onde seria entregue. Ele recebeu voz de pris\u00e3o pelo crime de descaminho e foi levado para a pol\u00edcia judici\u00e1ria em Mar\u00edlia, onde tamb\u00e9m ficaram apreendidas a carga e o ve\u00edculo.<\/p>\n<input type=\"hidden\" id=\"baseurl\" value=\"https:\/\/noticiasregionais.com.br\"><input type=\"hidden\" id=\"audio_nonce\" value=\"3cdc555a10\">","protected":false},"excerpt":{"rendered":"<p>Carga foi encontrada em Ourinhos\/SP e seria levada para a capital paulista Uma equipe da Pol\u00edcia Rodovi\u00e1ria Federal prendeu, na&hellip;<\/p>\n","protected":false},"author":1,"featured_media":2266,"comment_status":"closed","ping_status":"open","sticky":false,"template":"","format":"standard","meta":{"sfsi_plus_gutenberg_text_before_share":"","sfsi_plus_gutenberg_show_text_before_share":"","sfsi_plus_gutenberg_icon_type":"","sfsi_plus_gutenberg_icon_alignemt":"","sfsi_plus_gutenburg_max_per_row":"","footnotes":""},"categories":[12,1,5],"tags":[],"class_list":["post-2265","post","type-post","status-publish","format-standard","has-post-thumbnail","hentry","category-capa","category-noticias","category-ourinhos"],"_links":{"self":[{"href":"https:\/\/noticiasregionais.com.br\/index.php?rest_route=\/wp\/v2\/posts\/2265","targetHints":{"allow":["GET"]}}],"collection":[{"href":"https:\/\/noticiasregionais.com.br\/index.php?rest_route=\/wp\/v2\/posts"}],"about":[{"href":"https:\/\/noticiasregionais.com.br\/index.php?rest_route=\/wp\/v2\/types\/post"}],"author":[{"embeddable":true,"href":"https:\/\/noticiasregionais.com.br\/index.php?rest_route=\/wp\/v2\/users\/1"}],"replies":[{"embeddable":true,"href":"https:\/\/noticiasregionais.com.br\/index.php?rest_route=%2Fwp%2Fv2%2Fcomments&post=2265"}],"version-history":[{"count":1,"href":"https:\/\/noticiasregionais.com.br\/index.php?rest_route=\/wp\/v2\/posts\/2265\/revisions"}],"predecessor-version":[{"id":2267,"href":"https:\/\/noticiasregionais.com.br\/index.php?rest_route=\/wp\/v2\/posts\/2265\/revisions\/2267"}],"wp:featuredmedia":[{"embeddable":true,"href":"https:\/\/noticiasregionais.com.br\/index.php?rest_route=\/wp\/v2\/media\/2266"}],"wp:attachment":[{"href":"https:\/\/noticiasregionais.com.br\/index.php?rest_route=%2Fwp%2Fv2%2Fmedia&parent=2265"}],"wp:term":[{"taxonomy":"category","embeddable":true,"href":"https:\/\/noticiasregionais.com.br\/index.php?rest_route=%2Fwp%2Fv2%2Fcategories&post=2265"},{"taxonomy":"post_tag","embeddable":true,"href":"https:\/\/noticiasregionais.com.br\/index.php?rest_route=%2Fwp%2Fv2%2Ftags&post=2265"}],"curies":[{"name":"wp","href":"https:\/\/api.w.org\/{rel}","templated":true}]}}