{"id":2271,"date":"2024-03-17T11:54:05","date_gmt":"2024-03-17T14:54:05","guid":{"rendered":"https:\/\/noticiasregionais.com.br\/?p=2271"},"modified":"2024-03-17T11:54:16","modified_gmt":"2024-03-17T14:54:16","slug":"numero-de-presos-em-quatro-dias-de-saidinha-chega-a-298-em-sao-paulo","status":"publish","type":"post","link":"https:\/\/noticiasregionais.com.br\/?p=2271","title":{"rendered":"N\u00famero de presos em quatro dias de \u2018saidinha\u2019 chega a 298 em S\u00e3o Paulo"},"content":{"rendered":"\n<p class=\"has-text-align-center\"><strong>Do total, 31 foram detidos em flagrante cometendo novos crimes<\/strong><\/p>\n\n\n\n<p>A Pol\u00edcia Militar do Estado de S\u00e3o Paulo prendeu, entre a \u00faltima ter\u00e7a-feira (12) e esta sexta-feira (15), 298 detentos beneficiados com a sa\u00edda tempor\u00e1ria descumprindo as medidas judiciais. Desses, 31 anos foram flagrados cometendo novos crimes. Todos foram reconduzidos ao sistema prisional.<\/p>\n\n\n\n<p>De acordo com o levantamento do Centro de Opera\u00e7\u00f5es da PM (Copom), 128 detentos foram presos na capital paulista e na Grande S\u00e3o Paulo. Os demais foram detidos no entorno de Ribeir\u00e3o Preto (3), Sorocaba (26), Campinas (23) e outras regi\u00f5es do estado.<\/p>\n\n\n\n<p>A primeira sa\u00edda tempor\u00e1ria do ano come\u00e7ou na ter\u00e7a-feira (12), com t\u00e9rmino na pr\u00f3xima segunda-feira (18). S\u00f3 no primeiro dia, 78 detentos foram reconduzidos ao pres\u00eddio por descumprir as medidas impostas pela Justi\u00e7a para a obten\u00e7\u00e3o do benef\u00edcio. O detento precisa cumprir uma s\u00e9rie de requisitos, como n\u00e3o frequentar bares, permanecer na cidade indicada \u00e0 Justi\u00e7a e ficar em casa entre as 20h e as 6h do dia seguinte.<\/p>\n\n\n\n<p>Em S\u00e3o Paulo, desde o ano passado, todo detento flagrado violando as regras \u00e9 reconduzido ao estabelecimento prisional, conforme prev\u00ea uma portaria da Secretaria da Seguran\u00e7a P\u00fablica (SSP) com o aceite da Secretaria de Administra\u00e7\u00e3o Penitenci\u00e1ria.<\/p>\n\n\n\n<p>Al\u00e9m disso, o acordo de coopera\u00e7\u00e3o entre a SSP e o Tribunal de Justi\u00e7a de S\u00e3o Paulo permite que os policiais tenham acesso aos processos dos r\u00e9us que cumprem a pena fora das pris\u00f5es. Dessa forma, \u00e9 poss\u00edvel verificar durante a abordagem se as regras da sa\u00edda tempor\u00e1ria est\u00e3o sendo cumpridas.<\/p>\n\n\n\n<p>Uma resolu\u00e7\u00e3o publicada nesta semana no Di\u00e1rio Oficial do Estado estabeleceu que os sentenciados identificados em descumprimento das condi\u00e7\u00f5es impostas \u201cdever\u00e3o ser conduzidos a uma unidade do Instituto M\u00e9dico Legal da Capital para realiza\u00e7\u00e3o do exame de corpo de delito\u201d. Ap\u00f3s o exame pericial, o policial respons\u00e1vel pela condu\u00e7\u00e3o dever\u00e1 levar os sentenciados aos Centros de Deten\u00e7\u00e3o Provis\u00f3ria ou para a Penitenci\u00e1ria Feminina da capital.<\/p>\n<input type=\"hidden\" id=\"baseurl\" value=\"https:\/\/noticiasregionais.com.br\"><input type=\"hidden\" id=\"audio_nonce\" value=\"533fbb67b1\">","protected":false},"excerpt":{"rendered":"<p>Do total, 31 foram detidos em flagrante cometendo novos crimes A Pol\u00edcia Militar do Estado de S\u00e3o Paulo prendeu, entre&hellip;<\/p>\n","protected":false},"author":1,"featured_media":2272,"comment_status":"closed","ping_status":"open","sticky":false,"template":"","format":"standard","meta":{"sfsi_plus_gutenberg_text_before_share":"","sfsi_plus_gutenberg_show_text_before_share":"","sfsi_plus_gutenberg_icon_type":"","sfsi_plus_gutenberg_icon_alignemt":"","sfsi_plus_gutenburg_max_per_row":"","footnotes":""},"categories":[6,10,1],"tags":[],"class_list":["post-2271","post","type-post","status-publish","format-standard","has-post-thumbnail","hentry","category-sao_paulo","category-destaques","category-noticias"],"_links":{"self":[{"href":"https:\/\/noticiasregionais.com.br\/index.php?rest_route=\/wp\/v2\/posts\/2271","targetHints":{"allow":["GET"]}}],"collection":[{"href":"https:\/\/noticiasregionais.com.br\/index.php?rest_route=\/wp\/v2\/posts"}],"about":[{"href":"https:\/\/noticiasregionais.com.br\/index.php?rest_route=\/wp\/v2\/types\/post"}],"author":[{"embeddable":true,"href":"https:\/\/noticiasregionais.com.br\/index.php?rest_route=\/wp\/v2\/users\/1"}],"replies":[{"embeddable":true,"href":"https:\/\/noticiasregionais.com.br\/index.php?rest_route=%2Fwp%2Fv2%2Fcomments&post=2271"}],"version-history":[{"count":1,"href":"https:\/\/noticiasregionais.com.br\/index.php?rest_route=\/wp\/v2\/posts\/2271\/revisions"}],"predecessor-version":[{"id":2273,"href":"https:\/\/noticiasregionais.com.br\/index.php?rest_route=\/wp\/v2\/posts\/2271\/revisions\/2273"}],"wp:featuredmedia":[{"embeddable":true,"href":"https:\/\/noticiasregionais.com.br\/index.php?rest_route=\/wp\/v2\/media\/2272"}],"wp:attachment":[{"href":"https:\/\/noticiasregionais.com.br\/index.php?rest_route=%2Fwp%2Fv2%2Fmedia&parent=2271"}],"wp:term":[{"taxonomy":"category","embeddable":true,"href":"https:\/\/noticiasregionais.com.br\/index.php?rest_route=%2Fwp%2Fv2%2Fcategories&post=2271"},{"taxonomy":"post_tag","embeddable":true,"href":"https:\/\/noticiasregionais.com.br\/index.php?rest_route=%2Fwp%2Fv2%2Ftags&post=2271"}],"curies":[{"name":"wp","href":"https:\/\/api.w.org\/{rel}","templated":true}]}}