{"id":2274,"date":"2024-03-18T08:01:57","date_gmt":"2024-03-18T11:01:57","guid":{"rendered":"https:\/\/noticiasregionais.com.br\/?p=2274"},"modified":"2024-03-18T08:24:25","modified_gmt":"2024-03-18T11:24:25","slug":"fim-da-sae-projeto-de-pocay-transfere-todos-os-servicos-da-autarquia-para-secretaria-do-meio-ambiente","status":"publish","type":"post","link":"https:\/\/noticiasregionais.com.br\/?p=2274","title":{"rendered":"Fim da SAE &#8211; Projeto de Pocay transfere todos os servi\u00e7os da autarquia para Secretaria do Meio Ambiente"},"content":{"rendered":"\n<p class=\"has-text-align-center\"><strong>&#8220;Passando o trator&#8221;, vereadores da base do Prefeito devem votar e aprovar o Projeto de Lei Complementar N\u00ba 5\/2024 hoje, sem ouvir a popula\u00e7\u00e3o. <\/strong><\/p>\n\n\n\n<p>O Projeto de Lei Complementar N\u00ba 5\/2024, proposto pelo prefeito Pocay, est\u00e1 previsto para vota\u00e7\u00e3o na sess\u00e3o de hoje e tem grandes chances de ser aprovado com o apoio da base aliada do prefeito, sem a realiza\u00e7\u00e3o de consultas p\u00fablicas. Este projeto prop\u00f5e a transfer\u00eancia de todos os servi\u00e7os atualmente geridos pela SAE &#8211; Superintend\u00eancia de \u00c1gua e Esgoto para a Secretaria de Meio Ambiente e Agricultura, incluindo a transfer\u00eancia de ativos. A medida, embora n\u00e3o declare explicitamente, sinaliza a extin\u00e7\u00e3o da autarquia.<\/p>\n\n\n\n<p>O texto do projeto \u00e9 apresentado de forma sutil, sem mencionar diretamente a extin\u00e7\u00e3o da SAE, mas deixa clara sua inten\u00e7\u00e3o ao estabelecer que &#8220;os servi\u00e7os de Capta\u00e7\u00e3o, Produ\u00e7\u00e3o, Abastecimento de \u00c1gua e Esgotamento Sanit\u00e1rio ser\u00e3o prestados pela Prefeitura Municipal de Ourinhos, por meio da Secretaria de Meio Ambiente e Agricultura, entre outras provid\u00eancias.&#8221;<\/p>\n\n\n\n<p>Essa iniciativa de integrar os servi\u00e7os sob a administra\u00e7\u00e3o de uma secretaria e descontinuar a SAE como autarquia j\u00e1 era discutida nos c\u00edrculos pol\u00edticos, mas n\u00e3o havia avan\u00e7ado anteriormente, possivelmente devido a contratempos legais enfrentados pelo prefeito na tentativa de concess\u00e3o dos servi\u00e7os. Diante dos obst\u00e1culos, Pocay parece ter ativado um plano alternativo para assegurar maior controle sobre a gest\u00e3o desses servi\u00e7os.<\/p>\n\n\n\n<p>Al\u00e9m disso, um segundo projeto de lei complementar foi proposto para alterar a nomenclatura e criar cargos destinados \u00e0 realoca\u00e7\u00e3o dos servidores da SAE, conforme estabelecido na Lei Complementar n\u00ba 1.135, de 14 de setembro de 2022, que trata do Plano de Cargos, Carreiras e Vencimentos da autarquia.<\/p>\n\n\n\n<p>Esse conjunto de medidas ter\u00e1 um impacto significativo nas finan\u00e7as p\u00fablicas e permitir\u00e1 a Lucas, o acesso a recursos da autarquia. Esses recursos seguiram bloqueados por decis\u00f5es judiciais mesmo ap\u00f3s a aprova\u00e7\u00e3o do &#8220;Projeto de Lei N\u00ba 83\/2023&#8243;, que autorizava a SAE a transferir seu super\u00e1vit financeiro para a Prefeitura de Ourinhos, entre outras disposi\u00e7\u00f5es&#8221;.<\/p>\n\n\n\n<p><strong><a href=\"https:\/\/www.camaraourinhos.sp.gov.br\/documento\/projeto-de-lei-complementar-no-5-2024-122987\" target=\"_blank\" rel=\"noopener\">LEI A INTEGRA DO PROJETO NO SITE DA C\u00c2MARA MUNICIPAL DE OURINHOS<\/a><\/strong><\/p>\n<input type=\"hidden\" id=\"baseurl\" value=\"https:\/\/noticiasregionais.com.br\"><input type=\"hidden\" id=\"audio_nonce\" value=\"533fbb67b1\">","protected":false},"excerpt":{"rendered":"<p>&#8220;Passando o trator&#8221;, vereadores da base do Prefeito devem votar e aprovar o Projeto de Lei Complementar N\u00ba 5\/2024 hoje,&hellip;<\/p>\n","protected":false},"author":1,"featured_media":2275,"comment_status":"closed","ping_status":"open","sticky":false,"template":"","format":"standard","meta":{"sfsi_plus_gutenberg_text_before_share":"","sfsi_plus_gutenberg_show_text_before_share":"","sfsi_plus_gutenberg_icon_type":"","sfsi_plus_gutenberg_icon_alignemt":"","sfsi_plus_gutenburg_max_per_row":"","footnotes":""},"categories":[5,12,1],"tags":[],"class_list":["post-2274","post","type-post","status-publish","format-standard","has-post-thumbnail","hentry","category-ourinhos","category-capa","category-noticias"],"_links":{"self":[{"href":"https:\/\/noticiasregionais.com.br\/index.php?rest_route=\/wp\/v2\/posts\/2274","targetHints":{"allow":["GET"]}}],"collection":[{"href":"https:\/\/noticiasregionais.com.br\/index.php?rest_route=\/wp\/v2\/posts"}],"about":[{"href":"https:\/\/noticiasregionais.com.br\/index.php?rest_route=\/wp\/v2\/types\/post"}],"author":[{"embeddable":true,"href":"https:\/\/noticiasregionais.com.br\/index.php?rest_route=\/wp\/v2\/users\/1"}],"replies":[{"embeddable":true,"href":"https:\/\/noticiasregionais.com.br\/index.php?rest_route=%2Fwp%2Fv2%2Fcomments&post=2274"}],"version-history":[{"count":2,"href":"https:\/\/noticiasregionais.com.br\/index.php?rest_route=\/wp\/v2\/posts\/2274\/revisions"}],"predecessor-version":[{"id":2277,"href":"https:\/\/noticiasregionais.com.br\/index.php?rest_route=\/wp\/v2\/posts\/2274\/revisions\/2277"}],"wp:featuredmedia":[{"embeddable":true,"href":"https:\/\/noticiasregionais.com.br\/index.php?rest_route=\/wp\/v2\/media\/2275"}],"wp:attachment":[{"href":"https:\/\/noticiasregionais.com.br\/index.php?rest_route=%2Fwp%2Fv2%2Fmedia&parent=2274"}],"wp:term":[{"taxonomy":"category","embeddable":true,"href":"https:\/\/noticiasregionais.com.br\/index.php?rest_route=%2Fwp%2Fv2%2Fcategories&post=2274"},{"taxonomy":"post_tag","embeddable":true,"href":"https:\/\/noticiasregionais.com.br\/index.php?rest_route=%2Fwp%2Fv2%2Ftags&post=2274"}],"curies":[{"name":"wp","href":"https:\/\/api.w.org\/{rel}","templated":true}]}}