{"id":2281,"date":"2024-03-18T13:09:25","date_gmt":"2024-03-18T16:09:25","guid":{"rendered":"https:\/\/noticiasregionais.com.br\/?p=2281"},"modified":"2024-03-18T13:09:37","modified_gmt":"2024-03-18T16:09:37","slug":"dupla-e-presa-em-flagrante-por-trafico-de-drogas-em-tupa","status":"publish","type":"post","link":"https:\/\/noticiasregionais.com.br\/?p=2281","title":{"rendered":"Dupla \u00e9 presa em flagrante por tr\u00e1fico de drogas em Tup\u00e3"},"content":{"rendered":"\n<p>Na manh\u00e3 desta sexta-feira (15), policiais militares da Equipe K9 Mar\u00edlia do 13\u00b0 BAEP, em conjunto com equipes da DISE da Pol\u00edcia Civil de Tup\u00e3, deflagraram uma opera\u00e7\u00e3o que resultou na pris\u00e3o de dois indiv\u00edduos pelos crimes de tr\u00e1fico de drogas e associa\u00e7\u00e3o para o tr\u00e1fico.<\/p>\n\n\n\n<p>A a\u00e7\u00e3o aconteceu na Rua Paulo Dessy Juan, ap\u00f3s a expedi\u00e7\u00e3o de Mandados de Busca e Apreens\u00e3o. Durante a opera\u00e7\u00e3o, um c\u00e3o farejador foi utilizado para auxiliar na localiza\u00e7\u00e3o de entorpecentes. O animal indicou diversos pontos na resid\u00eancia onde foram encontrados potes enterrados contendo:<\/p>\n\n\n\n<ul class=\"wp-block-list\">\n<li>1,027 kg de coca\u00edna<\/li>\n\n\n\n<li>0,113 kg de maconha<\/li>\n\n\n\n<li>0,094 kg de crack<\/li>\n\n\n\n<li>2 muni\u00e7\u00f5es de calibre 38<\/li>\n<\/ul>\n\n\n\n<p>Diante dos fatos, os indiv\u00edduos foram conduzidos ao CPJ de Tup\u00e3, onde foi confeccionado o BOPC de tr\u00e1fico de drogas. Ambos os envolvidos permaneceram presos \u00e0 disposi\u00e7\u00e3o da Justi\u00e7a.<\/p>\n\n\n\n<p>A a\u00e7\u00e3o conjunta entre as Pol\u00edcias Civil e Militar demonstra a integra\u00e7\u00e3o das for\u00e7as de seguran\u00e7a no combate ao tr\u00e1fico de drogas em Tup\u00e3 e regi\u00e3o.<\/p>\n<input type=\"hidden\" id=\"baseurl\" value=\"https:\/\/noticiasregionais.com.br\"><input type=\"hidden\" id=\"audio_nonce\" value=\"533fbb67b1\">","protected":false},"excerpt":{"rendered":"<p>Na manh\u00e3 desta sexta-feira (15), policiais militares da Equipe K9 Mar\u00edlia do 13\u00b0 BAEP, em conjunto com equipes da DISE&hellip;<\/p>\n","protected":false},"author":1,"featured_media":2282,"comment_status":"closed","ping_status":"open","sticky":false,"template":"","format":"standard","meta":{"sfsi_plus_gutenberg_text_before_share":"","sfsi_plus_gutenberg_show_text_before_share":"","sfsi_plus_gutenberg_icon_type":"","sfsi_plus_gutenberg_icon_alignemt":"","sfsi_plus_gutenburg_max_per_row":"","footnotes":""},"categories":[6,10,1],"tags":[],"class_list":["post-2281","post","type-post","status-publish","format-standard","has-post-thumbnail","hentry","category-sao_paulo","category-destaques","category-noticias"],"_links":{"self":[{"href":"https:\/\/noticiasregionais.com.br\/index.php?rest_route=\/wp\/v2\/posts\/2281","targetHints":{"allow":["GET"]}}],"collection":[{"href":"https:\/\/noticiasregionais.com.br\/index.php?rest_route=\/wp\/v2\/posts"}],"about":[{"href":"https:\/\/noticiasregionais.com.br\/index.php?rest_route=\/wp\/v2\/types\/post"}],"author":[{"embeddable":true,"href":"https:\/\/noticiasregionais.com.br\/index.php?rest_route=\/wp\/v2\/users\/1"}],"replies":[{"embeddable":true,"href":"https:\/\/noticiasregionais.com.br\/index.php?rest_route=%2Fwp%2Fv2%2Fcomments&post=2281"}],"version-history":[{"count":1,"href":"https:\/\/noticiasregionais.com.br\/index.php?rest_route=\/wp\/v2\/posts\/2281\/revisions"}],"predecessor-version":[{"id":2283,"href":"https:\/\/noticiasregionais.com.br\/index.php?rest_route=\/wp\/v2\/posts\/2281\/revisions\/2283"}],"wp:featuredmedia":[{"embeddable":true,"href":"https:\/\/noticiasregionais.com.br\/index.php?rest_route=\/wp\/v2\/media\/2282"}],"wp:attachment":[{"href":"https:\/\/noticiasregionais.com.br\/index.php?rest_route=%2Fwp%2Fv2%2Fmedia&parent=2281"}],"wp:term":[{"taxonomy":"category","embeddable":true,"href":"https:\/\/noticiasregionais.com.br\/index.php?rest_route=%2Fwp%2Fv2%2Fcategories&post=2281"},{"taxonomy":"post_tag","embeddable":true,"href":"https:\/\/noticiasregionais.com.br\/index.php?rest_route=%2Fwp%2Fv2%2Ftags&post=2281"}],"curies":[{"name":"wp","href":"https:\/\/api.w.org\/{rel}","templated":true}]}}