{"id":2284,"date":"2024-03-18T14:39:49","date_gmt":"2024-03-18T17:39:49","guid":{"rendered":"https:\/\/noticiasregionais.com.br\/?p=2284"},"modified":"2024-03-18T14:39:52","modified_gmt":"2024-03-18T17:39:52","slug":"prefeitura-de-ourinhos-lanca-licitacao-para-concessao-do-cemiterio-municipal","status":"publish","type":"post","link":"https:\/\/noticiasregionais.com.br\/?p=2284","title":{"rendered":"Prefeitura de Ourinhos lan\u00e7a licita\u00e7\u00e3o para concess\u00e3o do cemit\u00e9rio municipal"},"content":{"rendered":"\n<p>A Prefeitura de Ourinhos lan\u00e7ou a licita\u00e7\u00e3o para concess\u00e3o do cemit\u00e9rio municipal, com o objetivo de revitalizar e melhorar as condi\u00e7\u00f5es do local. Este importante passo representa a resolu\u00e7\u00e3o de um problema que h\u00e1 d\u00e9cadas aflige a popula\u00e7\u00e3o.<\/p>\n\n\n\n<p>A Prefeitura conceder\u00e1 o Cemit\u00e9rio da Saudade a uma empresa que ser\u00e1 respons\u00e1vel pelo espa\u00e7o nos pr\u00f3ximos 30 anos. O edital de licita\u00e7\u00e3o j\u00e1 est\u00e1 em vigor.<\/p>\n\n\n\n<p>&#8220;O vencedor da concess\u00e3o ter\u00e1 a tarefa de revitalizar e expandir o cemit\u00e9rio, garantindo que o processo de sepultamento seja tratado com respeito e dec\u00eancia. Esta transforma\u00e7\u00e3o vai al\u00e9m da mera mudan\u00e7a estrutural; \u00e9 um gesto de compaix\u00e3o e cuidado&#8221;, declarou o prefeito Lucas Pocay.<\/p>\n\n\n\n<p>Enbora n\u00e3o haja nada formal sobre as tarifas, o prefeito assegurou que a Prefeitura de Ourinhos ir\u00e1 garantir que todos os servi\u00e7os relacionados tenham valor justo e acess\u00edvel a toda popula\u00e7\u00e3o.<\/p>\n<input type=\"hidden\" id=\"baseurl\" value=\"https:\/\/noticiasregionais.com.br\"><input type=\"hidden\" id=\"audio_nonce\" value=\"533fbb67b1\">","protected":false},"excerpt":{"rendered":"<p>A Prefeitura de Ourinhos lan\u00e7ou a licita\u00e7\u00e3o para concess\u00e3o do cemit\u00e9rio municipal, com o objetivo de revitalizar e melhorar as&hellip;<\/p>\n","protected":false},"author":1,"featured_media":2285,"comment_status":"closed","ping_status":"open","sticky":false,"template":"","format":"standard","meta":{"sfsi_plus_gutenberg_text_before_share":"","sfsi_plus_gutenberg_show_text_before_share":"","sfsi_plus_gutenberg_icon_type":"","sfsi_plus_gutenberg_icon_alignemt":"","sfsi_plus_gutenburg_max_per_row":"","footnotes":""},"categories":[5,10,1],"tags":[],"class_list":["post-2284","post","type-post","status-publish","format-standard","has-post-thumbnail","hentry","category-ourinhos","category-destaques","category-noticias"],"_links":{"self":[{"href":"https:\/\/noticiasregionais.com.br\/index.php?rest_route=\/wp\/v2\/posts\/2284","targetHints":{"allow":["GET"]}}],"collection":[{"href":"https:\/\/noticiasregionais.com.br\/index.php?rest_route=\/wp\/v2\/posts"}],"about":[{"href":"https:\/\/noticiasregionais.com.br\/index.php?rest_route=\/wp\/v2\/types\/post"}],"author":[{"embeddable":true,"href":"https:\/\/noticiasregionais.com.br\/index.php?rest_route=\/wp\/v2\/users\/1"}],"replies":[{"embeddable":true,"href":"https:\/\/noticiasregionais.com.br\/index.php?rest_route=%2Fwp%2Fv2%2Fcomments&post=2284"}],"version-history":[{"count":1,"href":"https:\/\/noticiasregionais.com.br\/index.php?rest_route=\/wp\/v2\/posts\/2284\/revisions"}],"predecessor-version":[{"id":2286,"href":"https:\/\/noticiasregionais.com.br\/index.php?rest_route=\/wp\/v2\/posts\/2284\/revisions\/2286"}],"wp:featuredmedia":[{"embeddable":true,"href":"https:\/\/noticiasregionais.com.br\/index.php?rest_route=\/wp\/v2\/media\/2285"}],"wp:attachment":[{"href":"https:\/\/noticiasregionais.com.br\/index.php?rest_route=%2Fwp%2Fv2%2Fmedia&parent=2284"}],"wp:term":[{"taxonomy":"category","embeddable":true,"href":"https:\/\/noticiasregionais.com.br\/index.php?rest_route=%2Fwp%2Fv2%2Fcategories&post=2284"},{"taxonomy":"post_tag","embeddable":true,"href":"https:\/\/noticiasregionais.com.br\/index.php?rest_route=%2Fwp%2Fv2%2Ftags&post=2284"}],"curies":[{"name":"wp","href":"https:\/\/api.w.org\/{rel}","templated":true}]}}