{"id":2290,"date":"2024-03-19T07:35:24","date_gmt":"2024-03-19T10:35:24","guid":{"rendered":"https:\/\/noticiasregionais.com.br\/?p=2290"},"modified":"2024-03-19T07:40:15","modified_gmt":"2024-03-19T10:40:15","slug":"nesta-quarta-municipios-recebem-2a-parcela-de-marco-com-queda-de-21-em-relacao-a-2023","status":"publish","type":"post","link":"https:\/\/noticiasregionais.com.br\/?p=2290","title":{"rendered":"Nesta Quarta, municipios recebem 2\u00aa parcela de Mar\u00e7o do FPM, com queda de 21% em rela\u00e7\u00e3o a 2023"},"content":{"rendered":"\n<p class=\"has-text-align-center\"><strong>R$ 880 milh\u00f5es ser\u00e3o pagos aos 5.570 munic\u00edpios brasileiros. Em caso de bloqueio, a cidade s\u00f3 recebe repasses quando obriga\u00e7\u00f5es fiscais estiverem em dia<\/strong><\/p>\n\n\n\n<p><br>Nesta quarta-feira (20) a Uni\u00e3o paga a segunda parcela de mar\u00e7o do Fundo de Participa\u00e7\u00e3o dos Munic\u00edpios, o FPM. Contrariando a tend\u00eancia de alta dos \u00faltimos repasses, este dec\u00eandio veio menor que o esperado por gestores, somando R$ 880 milh\u00f5es. O valor \u00e9&nbsp; 21% menor do que o pago no mesmo per\u00edodo do ano passado \u2014 e 51% menor do que o repasse de fevereiro.<\/p>\n\n\n\n<ul class=\"wp-block-list\">\n<li>2\u00ba dec\u00eandio de mar\u00e7o de 2024: R$ 880.447.841,93&nbsp;<\/li>\n\n\n\n<li>2\u00ba dec\u00eandio de mar\u00e7o de 2023: R$ 1.105.953.227,84<\/li>\n\n\n\n<li>2\u00ba dec\u00eandio de fevereiro de 2024: 1.790.570.058,70<\/li>\n<\/ul>\n\n\n\n<h2 class=\"wp-block-heading\"><br>Para quem sobrevive \u00e0 base do recurso&nbsp;<\/h2>\n\n\n\n<p>Cidades de pequeno e m\u00e9dio portes, que n\u00e3o possuem ind\u00fastrias, n\u00e3o recebem<em> royalties <\/em>de petr\u00f3leo ou minera\u00e7\u00e3o, costumam ter uma depend\u00eancia muito grande do FPM, como explica J\u00falio Pinheiro, vice-presidente da Uni\u00e3o dos Munic\u00edpios da Bahia (UPB) e prefeito de Amargosa.&nbsp;\u201cNa Bahia, cerca de 90% dos munic\u00edpios vivem essa depend\u00eancia do FPM para pagar as contas. Ter o FPM reduzido \u00e9 menos servi\u00e7os p\u00fablicos, demiss\u00e3o, \u00e9 risco de entraves de sal\u00e1rios.\u201d<\/p>\n\n\n\n<p>Apesar do resultado ruim deste \u00faltimo dec\u00eandio, o cen\u00e1rio vem sendo positivo neste come\u00e7o de ano. \u201cEsse cen\u00e1rio de 2024 nos deixa otimistas para que a gente possa manter os servi\u00e7os p\u00fablicos e no final do mandato tentar fechar as contas no final do ano sem problema com nossos \u00edndices,\u201d prev\u00ea o prefeito.<\/p>\n\n\n\n<p>Para cidades baianas como Seabra (44 mil hab.), Santa Maria da Vit\u00f3ria (39 mil hab.) e Xique-Xique (46 mil hab.), todas com menos de 50 mil habitantes \u2014 portanto consideradas de porte pequeno II \u2014 ,o FPM \u00e9 fundamental para a manuten\u00e7\u00e3o dos servi\u00e7os b\u00e1sicos.&nbsp;<\/p>\n\n\n<div class=\"wp-block-image\">\n<figure class=\"aligncenter size-full\"><img decoding=\"async\" width=\"714\" height=\"609\" src=\"https:\/\/noticiasregionais.com.br\/wp-content\/uploads\/2024\/03\/image.png\" alt=\"\" class=\"wp-image-2294\" srcset=\"https:\/\/noticiasregionais.com.br\/wp-content\/uploads\/2024\/03\/image.png 714w, https:\/\/noticiasregionais.com.br\/wp-content\/uploads\/2024\/03\/image-300x256.png 300w\" sizes=\"(max-width: 714px) 100vw, 714px\" \/><\/figure>\n<\/div>\n\n\n<h2 class=\"wp-block-heading\">Queda pode ser pontual<\/h2>\n\n\n\n<p>Os repasses dos segundos dec\u00eandios do FPM costumam ter valores bem menores que os primeiros e \u00faltimos repasses. O assessor de or\u00e7amento C\u00e9sar Lima explica.&nbsp;<\/p>\n\n\n\n<p>\u201cOs prazos de recolhimento concentram muito do final [do m\u00eas] at\u00e9 o dia 10, ent\u00e3o neste segundo dec\u00eandio h\u00e1 uma redu\u00e7\u00e3o e depois, no pr\u00f3ximo ano, quando h\u00e1 uma nova entrada dos recolhimentos, melhora. Sendo que o primeiro dec\u00eandio \u00e9 sempre maior.\u201d<\/p>\n\n\n\n<p>Sobre os valores reduzidos neste pr\u00f3ximo repasse, C\u00e9sar acredita que \u201cser\u00e1 uma redu\u00e7\u00e3o &nbsp;pontual diante da tend\u00eancia de alta dos recolhimentos e repasses que estamos percebendo durante o ano. Mas precisamos acompanhar os pr\u00f3ximos para ver como ser\u00e3o.\u201d&nbsp;<\/p>\n\n\n\n<p>Fonte: <a href=\"https:\/\/brasil61.com\/n\/fpm-com-queda-de-21-em-relacao-a-2023-municipios-recebem-na-quarta-feira-20-a-segunda-parcela-de-marco-bras2411250?email=fxmendes2012@gmail.com&amp;utm_source=newsletter&amp;utm_medium=newsletter&amp;utm_campaign=newsletter\" target=\"_blank\" rel=\"noreferrer noopener\">Brasil 61<\/a><\/p>\n<input type=\"hidden\" id=\"baseurl\" value=\"https:\/\/noticiasregionais.com.br\"><input type=\"hidden\" id=\"audio_nonce\" value=\"533fbb67b1\">","protected":false},"excerpt":{"rendered":"<p>R$ 880 milh\u00f5es ser\u00e3o pagos aos 5.570 munic\u00edpios brasileiros. Em caso de bloqueio, a cidade s\u00f3 recebe repasses quando obriga\u00e7\u00f5es&hellip;<\/p>\n","protected":false},"author":1,"featured_media":2291,"comment_status":"closed","ping_status":"open","sticky":false,"template":"","format":"standard","meta":{"sfsi_plus_gutenberg_text_before_share":"","sfsi_plus_gutenberg_show_text_before_share":"","sfsi_plus_gutenberg_icon_type":"","sfsi_plus_gutenberg_icon_alignemt":"","sfsi_plus_gutenburg_max_per_row":"","footnotes":""},"categories":[8,10,1],"tags":[],"class_list":["post-2290","post","type-post","status-publish","format-standard","has-post-thumbnail","hentry","category-brasil","category-destaques","category-noticias"],"_links":{"self":[{"href":"https:\/\/noticiasregionais.com.br\/index.php?rest_route=\/wp\/v2\/posts\/2290","targetHints":{"allow":["GET"]}}],"collection":[{"href":"https:\/\/noticiasregionais.com.br\/index.php?rest_route=\/wp\/v2\/posts"}],"about":[{"href":"https:\/\/noticiasregionais.com.br\/index.php?rest_route=\/wp\/v2\/types\/post"}],"author":[{"embeddable":true,"href":"https:\/\/noticiasregionais.com.br\/index.php?rest_route=\/wp\/v2\/users\/1"}],"replies":[{"embeddable":true,"href":"https:\/\/noticiasregionais.com.br\/index.php?rest_route=%2Fwp%2Fv2%2Fcomments&post=2290"}],"version-history":[{"count":3,"href":"https:\/\/noticiasregionais.com.br\/index.php?rest_route=\/wp\/v2\/posts\/2290\/revisions"}],"predecessor-version":[{"id":2295,"href":"https:\/\/noticiasregionais.com.br\/index.php?rest_route=\/wp\/v2\/posts\/2290\/revisions\/2295"}],"wp:featuredmedia":[{"embeddable":true,"href":"https:\/\/noticiasregionais.com.br\/index.php?rest_route=\/wp\/v2\/media\/2291"}],"wp:attachment":[{"href":"https:\/\/noticiasregionais.com.br\/index.php?rest_route=%2Fwp%2Fv2%2Fmedia&parent=2290"}],"wp:term":[{"taxonomy":"category","embeddable":true,"href":"https:\/\/noticiasregionais.com.br\/index.php?rest_route=%2Fwp%2Fv2%2Fcategories&post=2290"},{"taxonomy":"post_tag","embeddable":true,"href":"https:\/\/noticiasregionais.com.br\/index.php?rest_route=%2Fwp%2Fv2%2Ftags&post=2290"}],"curies":[{"name":"wp","href":"https:\/\/api.w.org\/{rel}","templated":true}]}}