{"id":2306,"date":"2024-03-20T07:14:00","date_gmt":"2024-03-20T10:14:00","guid":{"rendered":"https:\/\/noticiasregionais.com.br\/?p=2306"},"modified":"2024-03-20T07:14:11","modified_gmt":"2024-03-20T10:14:11","slug":"boliviana-e-presa-por-trafico-internacional-com-3-kg-de-pasta-base-de-cocaina-em-palmital","status":"publish","type":"post","link":"https:\/\/noticiasregionais.com.br\/?p=2306","title":{"rendered":"Boliviana \u00e9 presa por tr\u00e1fico internacional com 3 kg de pasta base de coca\u00edna em Palmital"},"content":{"rendered":"\n<p>Uma mulher boliviana foi presa em flagrante por tr\u00e1fico internacional de drogas na noite de segunda-feira (18), na Rodovia Raposo Tavares (SP-270), em Palmital, interior de S\u00e3o Paulo.<\/p>\n\n\n\n<p>Segundo a Pol\u00edcia Militar Rodovi\u00e1ria, a pris\u00e3o ocorreu durante a Opera\u00e7\u00e3o Impacto, quando policiais abordaram um \u00f4nibus que fazia a linha Corumb\u00e1 (MS) &#8211; S\u00e3o Paulo (SP).<\/p>\n\n\n\n<p>Ao revistar os passageiros, os policiais perceberam que uma mulher apresentava um volume anormal na regi\u00e3o da cintura. Ao ser questionada, ela confessou que estava transportando 3,1 kg de pasta base de coca\u00edna.<\/p>\n\n\n\n<p>A mulher foi presa em flagrante e encaminhada \u00e0 Pol\u00edcia Federal de Mar\u00edlia, junto com a droga apreendida.<\/p>\n<input type=\"hidden\" id=\"baseurl\" value=\"https:\/\/noticiasregionais.com.br\"><input type=\"hidden\" id=\"audio_nonce\" value=\"533fbb67b1\">","protected":false},"excerpt":{"rendered":"<p>Uma mulher boliviana foi presa em flagrante por tr\u00e1fico internacional de drogas na noite de segunda-feira (18), na Rodovia Raposo&hellip;<\/p>\n","protected":false},"author":1,"featured_media":2307,"comment_status":"closed","ping_status":"open","sticky":false,"template":"","format":"standard","meta":{"sfsi_plus_gutenberg_text_before_share":"","sfsi_plus_gutenberg_show_text_before_share":"","sfsi_plus_gutenberg_icon_type":"","sfsi_plus_gutenberg_icon_alignemt":"","sfsi_plus_gutenburg_max_per_row":"","footnotes":""},"categories":[6,10,1],"tags":[],"class_list":["post-2306","post","type-post","status-publish","format-standard","has-post-thumbnail","hentry","category-sao_paulo","category-destaques","category-noticias"],"_links":{"self":[{"href":"https:\/\/noticiasregionais.com.br\/index.php?rest_route=\/wp\/v2\/posts\/2306","targetHints":{"allow":["GET"]}}],"collection":[{"href":"https:\/\/noticiasregionais.com.br\/index.php?rest_route=\/wp\/v2\/posts"}],"about":[{"href":"https:\/\/noticiasregionais.com.br\/index.php?rest_route=\/wp\/v2\/types\/post"}],"author":[{"embeddable":true,"href":"https:\/\/noticiasregionais.com.br\/index.php?rest_route=\/wp\/v2\/users\/1"}],"replies":[{"embeddable":true,"href":"https:\/\/noticiasregionais.com.br\/index.php?rest_route=%2Fwp%2Fv2%2Fcomments&post=2306"}],"version-history":[{"count":1,"href":"https:\/\/noticiasregionais.com.br\/index.php?rest_route=\/wp\/v2\/posts\/2306\/revisions"}],"predecessor-version":[{"id":2308,"href":"https:\/\/noticiasregionais.com.br\/index.php?rest_route=\/wp\/v2\/posts\/2306\/revisions\/2308"}],"wp:featuredmedia":[{"embeddable":true,"href":"https:\/\/noticiasregionais.com.br\/index.php?rest_route=\/wp\/v2\/media\/2307"}],"wp:attachment":[{"href":"https:\/\/noticiasregionais.com.br\/index.php?rest_route=%2Fwp%2Fv2%2Fmedia&parent=2306"}],"wp:term":[{"taxonomy":"category","embeddable":true,"href":"https:\/\/noticiasregionais.com.br\/index.php?rest_route=%2Fwp%2Fv2%2Fcategories&post=2306"},{"taxonomy":"post_tag","embeddable":true,"href":"https:\/\/noticiasregionais.com.br\/index.php?rest_route=%2Fwp%2Fv2%2Ftags&post=2306"}],"curies":[{"name":"wp","href":"https:\/\/api.w.org\/{rel}","templated":true}]}}