{"id":2309,"date":"2024-03-20T07:41:22","date_gmt":"2024-03-20T10:41:22","guid":{"rendered":"https:\/\/noticiasregionais.com.br\/?p=2309"},"modified":"2024-03-20T07:41:34","modified_gmt":"2024-03-20T10:41:34","slug":"baep-prende-suspeito-de-furtos-a-estabelecimentos-comerciais-em-santa-cruz-do-rio-pardo","status":"publish","type":"post","link":"https:\/\/noticiasregionais.com.br\/?p=2309","title":{"rendered":"BAEP Prende Suspeito de Furtos a Estabelecimentos Comerciais em Santa Cruz do Rio Pardo"},"content":{"rendered":"\n<p>Em uma a\u00e7\u00e3o r\u00e1pida e eficiente, a Pol\u00edcia Militar de S\u00e3o Paulo, atrav\u00e9s da equipe K9 do 13\u00ba Batalh\u00e3o de A\u00e7\u00f5es Especiais de Pol\u00edcia (BAEP), realizou na manh\u00e3 desta segunda-feira, 18 de mar\u00e7o de 2024, a pris\u00e3o de um indiv\u00edduo acusado de estar envolvido em crimes de furto qualificado consumado e tentativa de furto a estabelecimentos comerciais na cidade de Santa Cruz do Rio Pardo.<\/p>\n\n\n\n<p>A pris\u00e3o aconteceu \u00e0s 10h, na Vila Divin\u00e9ia, quando os policiais, j\u00e1 familiarizados com o indiv\u00edduo devido a antecedentes por pr\u00e1ticas semelhantes, ap\u00f3s revisar as imagens de c\u00e2meras de monitoramento da regi\u00e3o, conseguiram abord\u00e1-lo na Rua Rua Aprisio A. Pereira. O suspeito n\u00e3o s\u00f3 confessou a autoria dos delitos como tamb\u00e9m levou os oficiais at\u00e9 o local onde havia escondido os objetos furtados de um dos estabelecimentos, al\u00e9m da roupa usada para mascarar sua identidade durante o ato.<\/p>\n\n\n\n<p>De acordo com as informa\u00e7\u00f5es fornecidas pela pol\u00edcia, o suspeito tentou invadir outro estabelecimento comercial, mas n\u00e3o obteve sucesso ao tentar quebrar a porta de vidro com um tijolo.<\/p>\n\n\n\n<p>Os objetos recuperados foram prontamente devolvidos \u00e0s v\u00edtimas, que compareceram ao Plant\u00e3o Policial de Santa Cruz do Rio Pardo para formalizar a ocorr\u00eancia e recuperar seus bens.<\/p>\n\n\n\n<p>O acusado foi detido e permanece \u00e0 disposi\u00e7\u00e3o da Justi\u00e7a, aguardando as devidas provid\u00eancias legais. Este caso reitera a import\u00e2ncia da vigil\u00e2ncia e do monitoramento por c\u00e2meras, que se mostraram instrumentais para a r\u00e1pida resposta das for\u00e7as policiais e para a solu\u00e7\u00e3o do caso, contribuindo para a seguran\u00e7a e o bem-estar da comunidade de Santa Cruz do Rio Pardo.<\/p>\n<input type=\"hidden\" id=\"baseurl\" value=\"https:\/\/noticiasregionais.com.br\"><input type=\"hidden\" id=\"audio_nonce\" value=\"533fbb67b1\">","protected":false},"excerpt":{"rendered":"<p>Em uma a\u00e7\u00e3o r\u00e1pida e eficiente, a Pol\u00edcia Militar de S\u00e3o Paulo, atrav\u00e9s da equipe K9 do 13\u00ba Batalh\u00e3o de&hellip;<\/p>\n","protected":false},"author":1,"featured_media":2310,"comment_status":"closed","ping_status":"open","sticky":false,"template":"","format":"standard","meta":{"sfsi_plus_gutenberg_text_before_share":"","sfsi_plus_gutenberg_show_text_before_share":"","sfsi_plus_gutenberg_icon_type":"","sfsi_plus_gutenberg_icon_alignemt":"","sfsi_plus_gutenburg_max_per_row":"","footnotes":""},"categories":[6,10,1],"tags":[],"class_list":["post-2309","post","type-post","status-publish","format-standard","has-post-thumbnail","hentry","category-sao_paulo","category-destaques","category-noticias"],"_links":{"self":[{"href":"https:\/\/noticiasregionais.com.br\/index.php?rest_route=\/wp\/v2\/posts\/2309","targetHints":{"allow":["GET"]}}],"collection":[{"href":"https:\/\/noticiasregionais.com.br\/index.php?rest_route=\/wp\/v2\/posts"}],"about":[{"href":"https:\/\/noticiasregionais.com.br\/index.php?rest_route=\/wp\/v2\/types\/post"}],"author":[{"embeddable":true,"href":"https:\/\/noticiasregionais.com.br\/index.php?rest_route=\/wp\/v2\/users\/1"}],"replies":[{"embeddable":true,"href":"https:\/\/noticiasregionais.com.br\/index.php?rest_route=%2Fwp%2Fv2%2Fcomments&post=2309"}],"version-history":[{"count":1,"href":"https:\/\/noticiasregionais.com.br\/index.php?rest_route=\/wp\/v2\/posts\/2309\/revisions"}],"predecessor-version":[{"id":2311,"href":"https:\/\/noticiasregionais.com.br\/index.php?rest_route=\/wp\/v2\/posts\/2309\/revisions\/2311"}],"wp:featuredmedia":[{"embeddable":true,"href":"https:\/\/noticiasregionais.com.br\/index.php?rest_route=\/wp\/v2\/media\/2310"}],"wp:attachment":[{"href":"https:\/\/noticiasregionais.com.br\/index.php?rest_route=%2Fwp%2Fv2%2Fmedia&parent=2309"}],"wp:term":[{"taxonomy":"category","embeddable":true,"href":"https:\/\/noticiasregionais.com.br\/index.php?rest_route=%2Fwp%2Fv2%2Fcategories&post=2309"},{"taxonomy":"post_tag","embeddable":true,"href":"https:\/\/noticiasregionais.com.br\/index.php?rest_route=%2Fwp%2Fv2%2Ftags&post=2309"}],"curies":[{"name":"wp","href":"https:\/\/api.w.org\/{rel}","templated":true}]}}