{"id":2313,"date":"2024-03-20T20:47:29","date_gmt":"2024-03-20T23:47:29","guid":{"rendered":"https:\/\/noticiasregionais.com.br\/?p=2313"},"modified":"2024-03-20T21:01:24","modified_gmt":"2024-03-21T00:01:24","slug":"operacao-conjunta-em-santa-cruz-do-rio-pardo-resulta-em-5-prisoes","status":"publish","type":"post","link":"https:\/\/noticiasregionais.com.br\/?p=2313","title":{"rendered":"Opera\u00e7\u00f5es com a Equipe K9 do BAEP em Santa Cruz do Rio Pardo resultam em 6 pris\u00f5es"},"content":{"rendered":"\n<p class=\"has-text-align-center\"><strong>Dia de a\u00e7\u00f5es intensas para o K9 do 13\u00ba BAEP em Santa Cruz do Rio Pardo<\/strong><\/p>\n\n\n\n<p>O dia 20 de mar\u00e7o foi marcado por duas a\u00e7\u00f5es de sucesso do 13\u00ba Batalh\u00e3o de A\u00e7\u00f5es Especiais de Pol\u00edcia (BAEP) em Santa Cruz do Rio Pardo.<\/p>\n\n\n\n<p><strong>Pela manh\u00e3, a equipe K9 do BAEP capturou um foragido da justi\u00e7a.<\/strong><\/p>\n\n\n\n<p>Em patrulhamento pela Ch\u00e1cara Peixe, os policiais abordaram Nicolas A.X., de 36 anos, que tinha antecedentes criminais por furto e tr\u00e1fico. Apesar de n\u00e3o haver nada il\u00edcito com ele no momento da abordagem, uma pesquisa criminal via COPOM revelou um mandado de pris\u00e3o em aberto contra ele pelo crime de furto, com pena de 2 anos e 11 meses.<\/p>\n\n\n\n<p><strong>Na parte da tarde, uma opera\u00e7\u00e3o conjunta entre o 13\u00ba BAEP e a Pol\u00edcia Civil resultou na pris\u00e3o de cinco traficantes.<\/strong><\/p>\n\n\n\n<p>A a\u00e7\u00e3o aconteceu na Rua Jos\u00e9 Rosso, na Vila Saul, ap\u00f3s diversas den\u00fancias de tr\u00e1fico de drogas na regi\u00e3o. Segundo informa\u00e7\u00f5es, os indiv\u00edduos se alternavam na venda de drogas e coagiam moradores e transeuntes.<\/p>\n\n\n\n<p>Durante a opera\u00e7\u00e3o, as equipes realizaram diversas abordagens e constataram a autoria e materialidade dos crimes por parte dos cinco indiv\u00edduos detidos. Foram apreendidas drogas, dinheiro, balan\u00e7a e aparelhos celulares.<\/p>\n\n\n\n<p>Os detidos foram conduzidos \u00e0 Central de Pol\u00edcia Judici\u00e1ria (CPJ) de Santa Cruz do Rio Pardo e posteriormente recolhidos \u00e0 Cadeia P\u00fablica de S\u00e3o Pedro do Turvo.<\/p>\n\n\n\n<p><strong>Nomes dos detidos na opera\u00e7\u00e3o contra o tr\u00e1fico:<\/strong><\/p>\n\n\n\n<ul class=\"wp-block-list\">\n<li>Jefferson N. G., 32 anos<\/li>\n\n\n\n<li>Crisley H. A. B., 21 anos<\/li>\n\n\n\n<li>Vitor M. L., 23 anos<\/li>\n\n\n\n<li>Claudinei R. R., 49 anos<\/li>\n\n\n\n<li>Wagner F. L., 32 anos<\/li>\n<\/ul>\n\n\n\n<p><strong>As a\u00e7\u00f5es demonstram o compromisso do 13\u00ba BAEP e da Pol\u00edcia Civil no combate ao crime e na prote\u00e7\u00e3o da comunidade.<\/strong><\/p>\n\n\n\n<figure class=\"wp-block-gallery has-nested-images columns-default is-cropped wp-block-gallery-1 is-layout-flex wp-block-gallery-is-layout-flex\">\n<figure class=\"wp-block-image size-large\"><img decoding=\"async\" width=\"771\" height=\"1024\" data-id=\"2314\" src=\"https:\/\/noticiasregionais.com.br\/wp-content\/uploads\/2024\/03\/WhatsApp-Image-2024-03-20-at-19.54.29-771x1024.jpeg\" alt=\"\" class=\"wp-image-2314\" srcset=\"https:\/\/noticiasregionais.com.br\/wp-content\/uploads\/2024\/03\/WhatsApp-Image-2024-03-20-at-19.54.29-771x1024.jpeg 771w, https:\/\/noticiasregionais.com.br\/wp-content\/uploads\/2024\/03\/WhatsApp-Image-2024-03-20-at-19.54.29-226x300.jpeg 226w, https:\/\/noticiasregionais.com.br\/wp-content\/uploads\/2024\/03\/WhatsApp-Image-2024-03-20-at-19.54.29-768x1021.jpeg 768w, https:\/\/noticiasregionais.com.br\/wp-content\/uploads\/2024\/03\/WhatsApp-Image-2024-03-20-at-19.54.29-1156x1536.jpeg 1156w, https:\/\/noticiasregionais.com.br\/wp-content\/uploads\/2024\/03\/WhatsApp-Image-2024-03-20-at-19.54.29.jpeg 1204w\" sizes=\"(max-width: 771px) 100vw, 771px\" \/><\/figure>\n\n\n\n<figure class=\"wp-block-image size-large\"><img decoding=\"async\" width=\"1024\" height=\"959\" data-id=\"2315\" src=\"https:\/\/noticiasregionais.com.br\/wp-content\/uploads\/2024\/03\/WhatsApp-Image-2024-03-20-at-19.59.25-1024x959.jpeg\" alt=\"\" class=\"wp-image-2315\" srcset=\"https:\/\/noticiasregionais.com.br\/wp-content\/uploads\/2024\/03\/WhatsApp-Image-2024-03-20-at-19.59.25-1024x959.jpeg 1024w, https:\/\/noticiasregionais.com.br\/wp-content\/uploads\/2024\/03\/WhatsApp-Image-2024-03-20-at-19.59.25-300x281.jpeg 300w, https:\/\/noticiasregionais.com.br\/wp-content\/uploads\/2024\/03\/WhatsApp-Image-2024-03-20-at-19.59.25-768x720.jpeg 768w, https:\/\/noticiasregionais.com.br\/wp-content\/uploads\/2024\/03\/WhatsApp-Image-2024-03-20-at-19.59.25-1536x1439.jpeg 1536w, https:\/\/noticiasregionais.com.br\/wp-content\/uploads\/2024\/03\/WhatsApp-Image-2024-03-20-at-19.59.25.jpeg 1600w\" sizes=\"(max-width: 1024px) 100vw, 1024px\" \/><\/figure>\n<\/figure>\n<input type=\"hidden\" id=\"baseurl\" value=\"https:\/\/noticiasregionais.com.br\"><input type=\"hidden\" id=\"audio_nonce\" value=\"62e6e21d74\">","protected":false},"excerpt":{"rendered":"<p>Dia de a\u00e7\u00f5es intensas para o K9 do 13\u00ba BAEP em Santa Cruz do Rio Pardo O dia 20 de&hellip;<\/p>\n","protected":false},"author":1,"featured_media":2316,"comment_status":"closed","ping_status":"open","sticky":false,"template":"","format":"standard","meta":{"sfsi_plus_gutenberg_text_before_share":"","sfsi_plus_gutenberg_show_text_before_share":"","sfsi_plus_gutenberg_icon_type":"","sfsi_plus_gutenberg_icon_alignemt":"","sfsi_plus_gutenburg_max_per_row":"","footnotes":""},"categories":[6,12,1],"tags":[],"class_list":["post-2313","post","type-post","status-publish","format-standard","has-post-thumbnail","hentry","category-sao_paulo","category-capa","category-noticias"],"_links":{"self":[{"href":"https:\/\/noticiasregionais.com.br\/index.php?rest_route=\/wp\/v2\/posts\/2313","targetHints":{"allow":["GET"]}}],"collection":[{"href":"https:\/\/noticiasregionais.com.br\/index.php?rest_route=\/wp\/v2\/posts"}],"about":[{"href":"https:\/\/noticiasregionais.com.br\/index.php?rest_route=\/wp\/v2\/types\/post"}],"author":[{"embeddable":true,"href":"https:\/\/noticiasregionais.com.br\/index.php?rest_route=\/wp\/v2\/users\/1"}],"replies":[{"embeddable":true,"href":"https:\/\/noticiasregionais.com.br\/index.php?rest_route=%2Fwp%2Fv2%2Fcomments&post=2313"}],"version-history":[{"count":3,"href":"https:\/\/noticiasregionais.com.br\/index.php?rest_route=\/wp\/v2\/posts\/2313\/revisions"}],"predecessor-version":[{"id":2323,"href":"https:\/\/noticiasregionais.com.br\/index.php?rest_route=\/wp\/v2\/posts\/2313\/revisions\/2323"}],"wp:featuredmedia":[{"embeddable":true,"href":"https:\/\/noticiasregionais.com.br\/index.php?rest_route=\/wp\/v2\/media\/2316"}],"wp:attachment":[{"href":"https:\/\/noticiasregionais.com.br\/index.php?rest_route=%2Fwp%2Fv2%2Fmedia&parent=2313"}],"wp:term":[{"taxonomy":"category","embeddable":true,"href":"https:\/\/noticiasregionais.com.br\/index.php?rest_route=%2Fwp%2Fv2%2Fcategories&post=2313"},{"taxonomy":"post_tag","embeddable":true,"href":"https:\/\/noticiasregionais.com.br\/index.php?rest_route=%2Fwp%2Fv2%2Ftags&post=2313"}],"curies":[{"name":"wp","href":"https:\/\/api.w.org\/{rel}","templated":true}]}}