{"id":2333,"date":"2024-03-21T07:21:18","date_gmt":"2024-03-21T10:21:18","guid":{"rendered":"https:\/\/noticiasregionais.com.br\/?p=2333"},"modified":"2024-03-21T07:33:06","modified_gmt":"2024-03-21T10:33:06","slug":"ourinhos-recebera-carreta-movel-do-qualifica-spcom-cursos-gratuitos-de-manutencao-automotiva","status":"publish","type":"post","link":"https:\/\/noticiasregionais.com.br\/?p=2333","title":{"rendered":"Ourinhos receber\u00e1 carreta m\u00f3vel do Qualifica SP com cursos gratuitos de Manuten\u00e7\u00e3o Automotiva"},"content":{"rendered":"\n<p>Ourinhos se prepara para receber a Carreta M\u00f3vel do Programa Qualifica SP. Em uma parceria entre a Prefeitura de Ourinhos, por meio da Secretaria de Desenvolvimento Econ\u00f4mico, Trabalho e Turismo, e a Secretaria de Desenvolvimento Econ\u00f4mico do Estado. Essa oportunidade visa oferecer cursos gratuitos na \u00e1rea de Manuten\u00e7\u00e3o Automotiva. As inscri\u00e7\u00f5es j\u00e1 est\u00e3o abertas. O secret\u00e1rio da pasta, Tiago Moreira, ressalta que o objetivo primordial do programa \u00e9 a qualifica\u00e7\u00e3o e requalifica\u00e7\u00e3o dos trabalhadores, com foco em aprimorar as oportunidades de emprego e renda, al\u00e9m de impulsionar o desenvolvimento local. A carreta ficar\u00e1 instalada na \u00e1rea central, na Pra\u00e7a Melo Peixoto, permanecendo aqui por aproximadamente um m\u00eas. Ser\u00e3o formadas tr\u00eas turmas, cada uma com capacidade para 20 alunos. Os cursos ter\u00e3o carga hor\u00e1ria de 100 horas, durante 20 dias \u00fateis, em tr\u00eas per\u00edodos distintos: das 8h \u00e0s 12h10, das 13h \u00e0s 17h10 e das 18h \u00e0s 22h10. O in\u00edcio das aulas est\u00e1 previsto para o dia 9 de abril.<\/p>\n\n\n\n<p><strong>INSCRI\u00c7\u00d5ES<br><\/strong>As inscri\u00e7\u00f5es est\u00e3o abertas para candidatos a partir de 16 anos, jovens e adultos, que sejam alfabetizados e residam no Estado, preferencialmente desempregados. Gratuitas, as inscri\u00e7\u00f5es requerem que o candidato possua uma senha gov.br para se cadastrar, e podem ser realizadas atrav\u00e9s do site oficial do programa: https:\/\/www.qualificasp.sp.gov.br\/onde-estudar<\/p>\n\n\n\n<p><strong>CURSOS<br><\/strong>Os interessados t\u00eam \u00e0 disposi\u00e7\u00e3o tr\u00eas op\u00e7\u00f5es de cursos: Mec\u00e2nica Automotiva B\u00e1sica, no per\u00edodo da manh\u00e3; Mec\u00e2nica de Dire\u00e7\u00e3o, Suspens\u00e3o e Freios, \u00e0 tarde; e Eletricista de Ve\u00edculos Automotores, no per\u00edodo noturno.<br>Para obter mais informa\u00e7\u00f5es, os interessados podem dirigir-se \u00e0 sede da Secretaria de Desenvolvimento Econ\u00f4mico, de segunda a sexta-feira, das 08h \u00e0s 17h, localizada na Rua Cardoso Ribeiro, 290, Centro. Telefone para contato (14) 3302-1450.<\/p>\n<input type=\"hidden\" id=\"baseurl\" value=\"https:\/\/noticiasregionais.com.br\"><input type=\"hidden\" id=\"audio_nonce\" value=\"3cdc555a10\">","protected":false},"excerpt":{"rendered":"<p>Ourinhos se prepara para receber a Carreta M\u00f3vel do Programa Qualifica SP. Em uma parceria entre a Prefeitura de Ourinhos,&hellip;<\/p>\n","protected":false},"author":1,"featured_media":2334,"comment_status":"closed","ping_status":"open","sticky":false,"template":"","format":"standard","meta":{"sfsi_plus_gutenberg_text_before_share":"","sfsi_plus_gutenberg_show_text_before_share":"","sfsi_plus_gutenberg_icon_type":"","sfsi_plus_gutenberg_icon_alignemt":"","sfsi_plus_gutenburg_max_per_row":"","footnotes":""},"categories":[5,10,1],"tags":[],"class_list":["post-2333","post","type-post","status-publish","format-standard","has-post-thumbnail","hentry","category-ourinhos","category-destaques","category-noticias"],"_links":{"self":[{"href":"https:\/\/noticiasregionais.com.br\/index.php?rest_route=\/wp\/v2\/posts\/2333","targetHints":{"allow":["GET"]}}],"collection":[{"href":"https:\/\/noticiasregionais.com.br\/index.php?rest_route=\/wp\/v2\/posts"}],"about":[{"href":"https:\/\/noticiasregionais.com.br\/index.php?rest_route=\/wp\/v2\/types\/post"}],"author":[{"embeddable":true,"href":"https:\/\/noticiasregionais.com.br\/index.php?rest_route=\/wp\/v2\/users\/1"}],"replies":[{"embeddable":true,"href":"https:\/\/noticiasregionais.com.br\/index.php?rest_route=%2Fwp%2Fv2%2Fcomments&post=2333"}],"version-history":[{"count":2,"href":"https:\/\/noticiasregionais.com.br\/index.php?rest_route=\/wp\/v2\/posts\/2333\/revisions"}],"predecessor-version":[{"id":2336,"href":"https:\/\/noticiasregionais.com.br\/index.php?rest_route=\/wp\/v2\/posts\/2333\/revisions\/2336"}],"wp:featuredmedia":[{"embeddable":true,"href":"https:\/\/noticiasregionais.com.br\/index.php?rest_route=\/wp\/v2\/media\/2334"}],"wp:attachment":[{"href":"https:\/\/noticiasregionais.com.br\/index.php?rest_route=%2Fwp%2Fv2%2Fmedia&parent=2333"}],"wp:term":[{"taxonomy":"category","embeddable":true,"href":"https:\/\/noticiasregionais.com.br\/index.php?rest_route=%2Fwp%2Fv2%2Fcategories&post=2333"},{"taxonomy":"post_tag","embeddable":true,"href":"https:\/\/noticiasregionais.com.br\/index.php?rest_route=%2Fwp%2Fv2%2Ftags&post=2333"}],"curies":[{"name":"wp","href":"https:\/\/api.w.org\/{rel}","templated":true}]}}