{"id":2341,"date":"2024-03-22T13:34:12","date_gmt":"2024-03-22T16:34:12","guid":{"rendered":"https:\/\/noticiasregionais.com.br\/?p=2341"},"modified":"2024-03-22T13:34:14","modified_gmt":"2024-03-22T16:34:14","slug":"gcm-realiza-o-1o-pedal-solidario-em-comemoracao-aos-dois-anos-de-sua-criacao","status":"publish","type":"post","link":"https:\/\/noticiasregionais.com.br\/?p=2341","title":{"rendered":"GCM realiza o 1\u00ba Pedal Solid\u00e1rio em comemora\u00e7\u00e3o aos dois anos de sua cria\u00e7\u00e3o"},"content":{"rendered":"\n<p>A Guarda Civil Municipal vai realizar um pedal solid\u00e1rio em comemora\u00e7\u00e3o aos dois anos de sua cria\u00e7\u00e3o e em prol ao Hospital de Oncologia de Ourinhos.<\/p>\n\n\n\n<p>O pedal ser\u00e1 realizado no dia 7 de mar\u00e7o as 8 da manh\u00e3, com o ponto de partido da Pra\u00e7a dos Burgueses e final no Parque do Centen\u00e1rio. Ser\u00e3o cerca de 6km percorridos pelas ciclovias do munic\u00edpio.<\/p>\n\n\n\n<p>As inscri\u00e7\u00f5es podem ser realizadas atrav\u00e9s do QR Code existente na arte abaixo ou na Sede da Secretaria de Seguran\u00e7a P\u00fablica, que fica na Rua Silva Jardim, 164. Pedimos a doa\u00e7\u00e3o volunt\u00e1ria de 1 litro de leite que ser\u00e1 destinado ao Hospital Oncol\u00f3gico de Ourinhos. Re\u00fana seus amigos e compare\u00e7a.<\/p>\n<input type=\"hidden\" id=\"baseurl\" value=\"https:\/\/noticiasregionais.com.br\"><input type=\"hidden\" id=\"audio_nonce\" value=\"533fbb67b1\">","protected":false},"excerpt":{"rendered":"<p>A Guarda Civil Municipal vai realizar um pedal solid\u00e1rio em comemora\u00e7\u00e3o aos dois anos de sua cria\u00e7\u00e3o e em prol&hellip;<\/p>\n","protected":false},"author":1,"featured_media":2342,"comment_status":"closed","ping_status":"open","sticky":false,"template":"","format":"standard","meta":{"sfsi_plus_gutenberg_text_before_share":"","sfsi_plus_gutenberg_show_text_before_share":"","sfsi_plus_gutenberg_icon_type":"","sfsi_plus_gutenberg_icon_alignemt":"","sfsi_plus_gutenburg_max_per_row":"","footnotes":""},"categories":[5,10,1],"tags":[],"class_list":["post-2341","post","type-post","status-publish","format-standard","has-post-thumbnail","hentry","category-ourinhos","category-destaques","category-noticias"],"_links":{"self":[{"href":"https:\/\/noticiasregionais.com.br\/index.php?rest_route=\/wp\/v2\/posts\/2341","targetHints":{"allow":["GET"]}}],"collection":[{"href":"https:\/\/noticiasregionais.com.br\/index.php?rest_route=\/wp\/v2\/posts"}],"about":[{"href":"https:\/\/noticiasregionais.com.br\/index.php?rest_route=\/wp\/v2\/types\/post"}],"author":[{"embeddable":true,"href":"https:\/\/noticiasregionais.com.br\/index.php?rest_route=\/wp\/v2\/users\/1"}],"replies":[{"embeddable":true,"href":"https:\/\/noticiasregionais.com.br\/index.php?rest_route=%2Fwp%2Fv2%2Fcomments&post=2341"}],"version-history":[{"count":1,"href":"https:\/\/noticiasregionais.com.br\/index.php?rest_route=\/wp\/v2\/posts\/2341\/revisions"}],"predecessor-version":[{"id":2343,"href":"https:\/\/noticiasregionais.com.br\/index.php?rest_route=\/wp\/v2\/posts\/2341\/revisions\/2343"}],"wp:featuredmedia":[{"embeddable":true,"href":"https:\/\/noticiasregionais.com.br\/index.php?rest_route=\/wp\/v2\/media\/2342"}],"wp:attachment":[{"href":"https:\/\/noticiasregionais.com.br\/index.php?rest_route=%2Fwp%2Fv2%2Fmedia&parent=2341"}],"wp:term":[{"taxonomy":"category","embeddable":true,"href":"https:\/\/noticiasregionais.com.br\/index.php?rest_route=%2Fwp%2Fv2%2Fcategories&post=2341"},{"taxonomy":"post_tag","embeddable":true,"href":"https:\/\/noticiasregionais.com.br\/index.php?rest_route=%2Fwp%2Fv2%2Ftags&post=2341"}],"curies":[{"name":"wp","href":"https:\/\/api.w.org\/{rel}","templated":true}]}}