{"id":2344,"date":"2024-03-22T13:39:08","date_gmt":"2024-03-22T16:39:08","guid":{"rendered":"https:\/\/noticiasregionais.com.br\/?p=2344"},"modified":"2024-03-22T13:39:20","modified_gmt":"2024-03-22T16:39:20","slug":"prefeitura-de-ourinhos-realiza-no-dia-3-abril-evento-autismo-em-foco","status":"publish","type":"post","link":"https:\/\/noticiasregionais.com.br\/?p=2344","title":{"rendered":"Prefeitura de Ourinhos realiza no dia 3 abril evento \u201cAutismo em Foco\u201d"},"content":{"rendered":"\n<p>A Prefeitura de Ourinhos, por meio da Secretaria de Inclus\u00e3o, ir\u00e1 realizar um evento especial no dia 03 de abril: o &#8220;Autismo em Foco&#8221;. Este evento marca a celebra\u00e7\u00e3o do m\u00eas de conscientiza\u00e7\u00e3o mundial sobre o autismo e acontecer\u00e1 na escola do Senac, a partir das 19h.<\/p>\n\n\n\n<p>O evento contar\u00e1 com palestras de renomados profissionais na \u00e1rea, visando oferecer informa\u00e7\u00f5es e esclarecimentos sobre o Transtorno do Espectro Autista (TEA). Uma das palestras ser\u00e1 ministrada pela Terapeuta Ocupacional Dra. Maria Madalena Moraes Sant\u00b4ana, que abordar\u00e1 o tema &#8220;Brincar \u00e9 Bom. Vamos?&#8221;. Al\u00e9m disso, haver\u00e1 a participa\u00e7\u00e3o do M\u00e9dico Pediatra Dr. Eder Carvalho, cujo tema abordado ser\u00e1 &#8220;Detec\u00e7\u00e3o Precoce do TEA&#8221;.<\/p>\n\n\n\n<p>Este evento \u00e9 uma oportunidade popula\u00e7\u00e3o em geral em compreender mais sobre o autismo na \u00e1rea da educa\u00e7\u00e3o e no ambiente familiar e como promover uma sociedade mais inclusiva e acolhedora para todos.<\/p>\n\n\n\n<p>Para participar do evento, basta fazer a inscri\u00e7\u00e3o pelo link: <a href=\"https:\/\/forms.gle\/eHreTMDcQie49NzT6\" target=\"_blank\" rel=\"noopener\">https:\/\/forms.gle\/eHreTMDcQie49NzT6<\/a><\/p>\n<input type=\"hidden\" id=\"baseurl\" value=\"https:\/\/noticiasregionais.com.br\"><input type=\"hidden\" id=\"audio_nonce\" value=\"d83e465ad3\">","protected":false},"excerpt":{"rendered":"<p>A Prefeitura de Ourinhos, por meio da Secretaria de Inclus\u00e3o, ir\u00e1 realizar um evento especial no dia 03 de abril:&hellip;<\/p>\n","protected":false},"author":1,"featured_media":2345,"comment_status":"closed","ping_status":"open","sticky":false,"template":"","format":"standard","meta":{"sfsi_plus_gutenberg_text_before_share":"","sfsi_plus_gutenberg_show_text_before_share":"","sfsi_plus_gutenberg_icon_type":"","sfsi_plus_gutenberg_icon_alignemt":"","sfsi_plus_gutenburg_max_per_row":"","footnotes":""},"categories":[5,10,1],"tags":[],"class_list":["post-2344","post","type-post","status-publish","format-standard","has-post-thumbnail","hentry","category-ourinhos","category-destaques","category-noticias"],"_links":{"self":[{"href":"https:\/\/noticiasregionais.com.br\/index.php?rest_route=\/wp\/v2\/posts\/2344","targetHints":{"allow":["GET"]}}],"collection":[{"href":"https:\/\/noticiasregionais.com.br\/index.php?rest_route=\/wp\/v2\/posts"}],"about":[{"href":"https:\/\/noticiasregionais.com.br\/index.php?rest_route=\/wp\/v2\/types\/post"}],"author":[{"embeddable":true,"href":"https:\/\/noticiasregionais.com.br\/index.php?rest_route=\/wp\/v2\/users\/1"}],"replies":[{"embeddable":true,"href":"https:\/\/noticiasregionais.com.br\/index.php?rest_route=%2Fwp%2Fv2%2Fcomments&post=2344"}],"version-history":[{"count":1,"href":"https:\/\/noticiasregionais.com.br\/index.php?rest_route=\/wp\/v2\/posts\/2344\/revisions"}],"predecessor-version":[{"id":2346,"href":"https:\/\/noticiasregionais.com.br\/index.php?rest_route=\/wp\/v2\/posts\/2344\/revisions\/2346"}],"wp:featuredmedia":[{"embeddable":true,"href":"https:\/\/noticiasregionais.com.br\/index.php?rest_route=\/wp\/v2\/media\/2345"}],"wp:attachment":[{"href":"https:\/\/noticiasregionais.com.br\/index.php?rest_route=%2Fwp%2Fv2%2Fmedia&parent=2344"}],"wp:term":[{"taxonomy":"category","embeddable":true,"href":"https:\/\/noticiasregionais.com.br\/index.php?rest_route=%2Fwp%2Fv2%2Fcategories&post=2344"},{"taxonomy":"post_tag","embeddable":true,"href":"https:\/\/noticiasregionais.com.br\/index.php?rest_route=%2Fwp%2Fv2%2Ftags&post=2344"}],"curies":[{"name":"wp","href":"https:\/\/api.w.org\/{rel}","templated":true}]}}