{"id":2347,"date":"2024-03-22T14:05:57","date_gmt":"2024-03-22T17:05:57","guid":{"rendered":"https:\/\/noticiasregionais.com.br\/?p=2347"},"modified":"2024-03-22T15:22:53","modified_gmt":"2024-03-22T18:22:53","slug":"policia-militar-apreende-5-kg-de-maconha-em-bauru","status":"publish","type":"post","link":"https:\/\/noticiasregionais.com.br\/?p=2347","title":{"rendered":"Pol\u00edcia Militar apreende 5 kg de maconha em Bauru"},"content":{"rendered":"\n<p>Na noite de quinta-feira (21), durante patrulhamento ostensivo pelo munic\u00edpio de Bauru, a equipe do 13\u00ba Batalh\u00e3o de A\u00e7\u00f5es Especiais de Pol\u00edcia (BAEP) recebeu den\u00fancia an\u00f4nima via 190 informando sobre indiv\u00edduos embalando entorpecentes no Condom\u00ednio Tr\u00eas Am\u00e9ricas II.<\/p>\n\n\n\n<p>Ao se dirigir ao local indicado, a equipe do BAEP n\u00e3o encontrou ningu\u00e9m no apartamento 22 do bloco 16. No entanto, uma nova den\u00fancia an\u00f4nima levou os policiais ao apartamento 14 do bloco 4, onde abordaram um casal.<\/p>\n\n\n\n<p>Um dos indiv\u00edduos, com antecedentes criminais por roubo e tr\u00e1fico de drogas, portava uma pequena quantidade de maconha, R$ 597,00 em dinheiro, dois celulares e um molho de chaves. Questionado sobre as chaves, ele confessou que eram de outro apartamento, no bloco 16, apartamento 22, pertencente \u00e0 mulher que o acompanhava.<\/p>\n\n\n\n<p>Com a autoriza\u00e7\u00e3o do morador, os policiais realizaram uma busca no apartamento e localizaram 5,150 kg de maconha escondidos em cima do guarda-roupa do quarto, al\u00e9m de uma balan\u00e7a de precis\u00e3o.<\/p>\n\n\n\n<p>Diante dos fatos, o homem foi preso em flagrante por tr\u00e1fico de drogas e encaminhado ao Plant\u00e3o Policial, onde permaneceu \u00e0 disposi\u00e7\u00e3o da Justi\u00e7a. A mulher tamb\u00e9m foi conduzida \u00e0 delegacia para prestar esclarecimentos.<\/p>\n\n\n\n<p><strong>A\u00e7\u00e3o refor\u00e7a compromisso da Pol\u00edcia Militar no combate ao tr\u00e1fico de drogas<\/strong><\/p>\n\n\n\n<p>A apreens\u00e3o de 5 kg de maconha demonstra o compromisso da Pol\u00edcia Militar no combate ao tr\u00e1fico de drogas em Bauru. A a\u00e7\u00e3o r\u00e1pida e eficiente dos policiais do 13\u00ba BAEP retirou de circula\u00e7\u00e3o uma grande quantidade de entorpecentes, evitando que chegasse \u00e0s m\u00e3os de usu\u00e1rios e contribuindo para a seguran\u00e7a da comunidade.<\/p>\n\n\n\n<p>A colabora\u00e7\u00e3o da popula\u00e7\u00e3o por meio de den\u00fancias an\u00f4nimas \u00e9 fundamental para o sucesso das opera\u00e7\u00f5es policiais. A PM incentiva a popula\u00e7\u00e3o a denunciar qualquer atividade suspeita pelo telefone 190.<\/p>\n<input type=\"hidden\" id=\"baseurl\" value=\"https:\/\/noticiasregionais.com.br\"><input type=\"hidden\" id=\"audio_nonce\" value=\"533fbb67b1\">","protected":false},"excerpt":{"rendered":"<p>Na noite de quinta-feira (21), durante patrulhamento ostensivo pelo munic\u00edpio de Bauru, a equipe do 13\u00ba Batalh\u00e3o de A\u00e7\u00f5es Especiais&hellip;<\/p>\n","protected":false},"author":1,"featured_media":2348,"comment_status":"closed","ping_status":"open","sticky":false,"template":"","format":"standard","meta":{"sfsi_plus_gutenberg_text_before_share":"","sfsi_plus_gutenberg_show_text_before_share":"","sfsi_plus_gutenberg_icon_type":"","sfsi_plus_gutenberg_icon_alignemt":"","sfsi_plus_gutenburg_max_per_row":"","footnotes":""},"categories":[6,10,1],"tags":[],"class_list":["post-2347","post","type-post","status-publish","format-standard","has-post-thumbnail","hentry","category-sao_paulo","category-destaques","category-noticias"],"_links":{"self":[{"href":"https:\/\/noticiasregionais.com.br\/index.php?rest_route=\/wp\/v2\/posts\/2347","targetHints":{"allow":["GET"]}}],"collection":[{"href":"https:\/\/noticiasregionais.com.br\/index.php?rest_route=\/wp\/v2\/posts"}],"about":[{"href":"https:\/\/noticiasregionais.com.br\/index.php?rest_route=\/wp\/v2\/types\/post"}],"author":[{"embeddable":true,"href":"https:\/\/noticiasregionais.com.br\/index.php?rest_route=\/wp\/v2\/users\/1"}],"replies":[{"embeddable":true,"href":"https:\/\/noticiasregionais.com.br\/index.php?rest_route=%2Fwp%2Fv2%2Fcomments&post=2347"}],"version-history":[{"count":1,"href":"https:\/\/noticiasregionais.com.br\/index.php?rest_route=\/wp\/v2\/posts\/2347\/revisions"}],"predecessor-version":[{"id":2349,"href":"https:\/\/noticiasregionais.com.br\/index.php?rest_route=\/wp\/v2\/posts\/2347\/revisions\/2349"}],"wp:featuredmedia":[{"embeddable":true,"href":"https:\/\/noticiasregionais.com.br\/index.php?rest_route=\/wp\/v2\/media\/2348"}],"wp:attachment":[{"href":"https:\/\/noticiasregionais.com.br\/index.php?rest_route=%2Fwp%2Fv2%2Fmedia&parent=2347"}],"wp:term":[{"taxonomy":"category","embeddable":true,"href":"https:\/\/noticiasregionais.com.br\/index.php?rest_route=%2Fwp%2Fv2%2Fcategories&post=2347"},{"taxonomy":"post_tag","embeddable":true,"href":"https:\/\/noticiasregionais.com.br\/index.php?rest_route=%2Fwp%2Fv2%2Ftags&post=2347"}],"curies":[{"name":"wp","href":"https:\/\/api.w.org\/{rel}","templated":true}]}}